{"id":7532,"date":"2014-10-21T10:56:32","date_gmt":"2014-10-21T08:56:32","guid":{"rendered":"https:\/\/www.sera.asso.fr\/?p=7532"},"modified":"2020-08-30T00:04:58","modified_gmt":"2020-08-29T22:04:58","slug":"12eme-conference-de-la-convention-sur-la-diversite-biologique","status":"publish","type":"post","link":"https:\/\/www.sera.asso.fr\/index.php\/12eme-conference-de-la-convention-sur-la-diversite-biologique\/","title":{"rendered":"12\u00e8me conf\u00e9rence de la Convention sur la diversit\u00e9 biologique"},"content":{"rendered":"<div class=\"texte surlignable\">\n<p style=\"text-align: justify;\">La 12&#xE8;me conf&#xE9;rence des Parties signataires de la Convention sur la diversit&#xE9; biologique (COP12) s&#x2019;est d&#xE9;roul&#xE9;e du 06 au 17 octobre 2014 dans la ville de Pyeongchang en Cor&#xE9;e du Sud.<\/p>\n<p style=\"text-align: justify;\">Les repr&#xE9;sentants des 193 pays signataires de la CDB ont en particulier examin&#xE9; les progr&#xE8;s &#xE9;tablis &#xE0; <strong>mi -parcours dans la mise en &#x153;uvre du plan strat&#xE9;gique 2011-2020<\/strong> et de ses objectifs (dits d&#x2019;Achi) et fait un &#xE9;tat des lieux de la biodiversit&#xE9; mondiale , alors qu&#x2019;une semaine auparavant le <a class=\"glossaryLink\" aria-describedby=\"tt\" data-cmtooltip=\"&lt;div class=glossaryItemTitle&gt;WWF&lt;\/div&gt;&lt;div class=glossaryItemBody&gt;World Wildlife Fund (fond mondial pour la nature, ONG de d&#xE9;fense de la nature)&lt;\/div&gt;\" href=\"https:\/\/www.sera.asso.fr\/index.php\/glossaire\/wwf\/\" data-gt-translate-attributes='[{\"attribute\":\"data-cmtooltip\", \"format\":\"html\"}]' tabindex=\"0\" role=\"link\">WWF<\/a> publiait un rapport qui faisait &#xE9;tat d&#x2019;une diminution de 50% du nombre d&#x2019;esp&#xE8;ces sauvages vert&#xE9;br&#xE9;es, terrestres ou marines entre 1970 et 2010.<\/p>\n<p style=\"text-align: justify;\">Le&#xA0; quatri&#xE8;me rapport sur les perspectives mondiales de la biodiversit&#xE9; montre qu&#x2019;il y a eu des progr&#xE8;s pour r&#xE9;pondre &#xE0; certaines composantes de la majorit&#xE9; des objectifs d&#x2019;Aichi : les surfaces terrestres prot&#xE9;g&#xE9;es pour leur biodiversit&#xE9; sont en constante augmentation et la d&#xE9;signation d&#x2019;aires marines prot&#xE9;g&#xE9;es s&#x2019;acc&#xE9;l&#xE8;re ;<\/p>\n<p style=\"text-align: justify;\">179 des 194 parties de la Convention ont d&#xE9;velopp&#xE9; des strat&#xE9;gies de biodiversit&#xE9; et des plans d&#x2019;actions sur le plan national, dont 57 sont toujours d&#x2019;actualit&#xE9;.<\/p>\n<p style=\"text-align: justify;\">Cependant, dans la plupart des cas, des mesures suppl&#xE9;mentaires sont plus que n&#xE9;cessaires pour que le Plan strat&#xE9;gique reste sur la bonne voie et que ses 20 objectifs d&#x2019;Aichi sur la biodiversit&#xE9;, adopt&#xE9; par la communaut&#xE9; internationale en 2010, soient atteints d&#x2019;ici &#xE0; 2020 :<\/p>\n<ul style=\"text-align: justify;\">\n<li>R&#xE9;duire de moiti&#xE9; la perte de tous les habitats naturels, y compris les for&#xEA;ts<\/li>\n<li>R&#xE9;duire la pollution, y compris celle issue de l&#x2019;exc&#xE8;s des &#xE9;l&#xE9;ments nutritifs<\/li>\n<li>R&#xE9;duire les nombreuses pressions sur les &#xE9;cosyst&#xE8;mes vuln&#xE9;rables marins et c&#xF4;tiers affect&#xE9;s par les changements climatiques ou l&#x2019;acidification des oc&#xE9;ans, tels que les r&#xE9;cifs coralliens<\/li>\n<li>Eviter l&#x2019;extinction d&#x2019;esp&#xE8;ces menac&#xE9;es connues et am&#xE9;liorer leur statut de conservation<\/li>\n<li>Restauration des &#xE9;cosyst&#xE8;mes et d&#xE9;veloppement de la r&#xE9;silience<\/li>\n<\/ul>\n<p style=\"text-align: justify;\">&#xAB; <strong>Sans une biodiversit&#xE9; en bonne sant&#xE9;, les moyens de subsistance, les services &#xE9;cosyst&#xE9;miques, les habitats et la s&#xE9;curit&#xE9; alimentaire seront compromis<\/strong> &#xBB; a rappel&#xE9; Achim Steiner, Secr&#xE9;taire g&#xE9;n&#xE9;ral adjoint des Nations Unies et Directeur ex&#xE9;cutif du Programme des Nations Unies pour l&#x2019;Environnement.<\/p>\n<\/div>\n","protected":false},"excerpt":{"rendered":"<p>La 12&#xE8;me conf&#xE9;rence des Parties signataires de la Convention sur la diversit&#xE9; biologique (COP12) s&#x2019;est d&#xE9;roul&#xE9;e du 06 au 17 octobre 2014 dans la ville de Pyeongchang en Cor&#xE9;e du &#x2026; <a href=\"https:\/\/www.sera.asso.fr\/index.php\/12eme-conference-de-la-convention-sur-la-diversite-biologique\/\" class=\"more-link\">Continuer la lecture de <span class=\"screen-reader-text\">12&#xE8;me conf&#xE9;rence de la Convention sur la diversit&#xE9; biologique<\/span> <span class=\"meta-nav\">&#x2192;<\/span><\/a><\/p>\n","protected":false},"author":17,"featured_media":0,"comment_status":"closed","ping_status":"open","sticky":false,"template":"","format":"standard","meta":{"footnotes":""},"categories":[187,195,218],"tags":[],"class_list":["post-7532","post","type-post","status-publish","format-standard","hentry","category-alimentation","category-biodiversite","category-internationale"],"wps_subtitle":"","_links":{"self":[{"href":"https:\/\/www.sera.asso.fr\/index.php\/wp-json\/wp\/v2\/posts\/7532","targetHints":{"allow":["GET"]}}],"collection":[{"href":"https:\/\/www.sera.asso.fr\/index.php\/wp-json\/wp\/v2\/posts"}],"about":[{"href":"https:\/\/www.sera.asso.fr\/index.php\/wp-json\/wp\/v2\/types\/post"}],"author":[{"embeddable":true,"href":"https:\/\/www.sera.asso.fr\/index.php\/wp-json\/wp\/v2\/users\/17"}],"replies":[{"embeddable":true,"href":"https:\/\/www.sera.asso.fr\/index.php\/wp-json\/wp\/v2\/comments?post=7532"}],"version-history":[{"count":5,"href":"https:\/\/www.sera.asso.fr\/index.php\/wp-json\/wp\/v2\/posts\/7532\/revisions"}],"predecessor-version":[{"id":20647,"href":"https:\/\/www.sera.asso.fr\/index.php\/wp-json\/wp\/v2\/posts\/7532\/revisions\/20647"}],"wp:attachment":[{"href":"https:\/\/www.sera.asso.fr\/index.php\/wp-json\/wp\/v2\/media?parent=7532"}],"wp:term":[{"taxonomy":"category","embeddable":true,"href":"https:\/\/www.sera.asso.fr\/index.php\/wp-json\/wp\/v2\/categories?post=7532"},{"taxonomy":"post_tag","embeddable":true,"href":"https:\/\/www.sera.asso.fr\/index.php\/wp-json\/wp\/v2\/tags?post=7532"}],"curies":[{"name":"wp","href":"https:\/\/api.w.org\/{rel}","templated":true}]}}