{"id":648,"date":"2010-11-03T11:05:23","date_gmt":"2010-11-03T09:05:23","guid":{"rendered":"https:\/\/www.sera.asso.fr\/?p=648"},"modified":"2012-11-14T21:59:23","modified_gmt":"2012-11-14T19:59:23","slug":"des-personnes-hyperelectrosensibles-refugies-dans-une-foret-domaniale-de-la-drome","status":"publish","type":"post","link":"https:\/\/www.sera.asso.fr\/index.php\/des-personnes-hyperelectrosensibles-refugies-dans-une-foret-domaniale-de-la-drome\/","title":{"rendered":"Des personnes hyper\u00e9lectrosensibles r\u00e9fugi\u00e9es dans une for\u00eat domaniale de la Dr\u00f4me"},"content":{"rendered":"<p style=\"text-align: justify;\"><strong>Communiqu&#xE9; de Presse de la part du groupe: <span style=\"color: #0000ff;\"><a title=\"Une terre pour les EHS\" href=\"http:\/\/uneterrepourlesehs.blogspot.fr\/\" target=\"_blank\"><span style=\"color: #0000ff;\">Une terre pour les EHS<\/span><\/a> <\/span>&#x2013; 08 10 2010 <\/strong><\/p>\n<p style=\"text-align: justify;\">Une expulsion imminente avec recours &agrave; la force publique des &Eacute;lectro Hyper Sensibles est pr&eacute;vue prochainement de leur refuge Dr&ocirc;mois. Depuis plus de 3 mois un groupe de personnes dites &Eacute;lectro Hyper Sensibles (<a class=\"glossaryLink\"  aria-describedby=\"tt\"  data-cmtooltip=\"&lt;div class=glossaryItemTitle&gt;EHS&lt;\/div&gt;&lt;div class=glossaryItemBody&gt;D&eacute;signe les pathologies des &eacute;lectrohypersensibles&lt;\/div&gt;\"  href=\"https:\/\/www.sera.asso.fr\/index.php\/glossaire\/ehs\/\"  data-gt-translate-attributes='[{\"attribute\":\"data-cmtooltip\", \"format\":\"html\"}]'  tabindex='0' role='link'>EHS<\/a>) ne sachant o&ugrave; <strong>se r&#xE9;fugier pour vivre dans un environnement non pollu&#xE9; <\/strong>par les Champs &#xC9;lectroMagn&#xE9;tiques occupe un des parkings de la for&#xEA;t de Sao&#xFB; situ&#xE9;s dans la Dr&#xF4;me.<\/p>\n<p style=\"text-align: justify;\">L&rsquo;<a class=\"glossaryLink\"  aria-describedby=\"tt\"  data-cmtooltip=\"&lt;div class=glossaryItemTitle&gt;EHS&lt;\/div&gt;&lt;div class=glossaryItemBody&gt;D&eacute;signe les pathologies des &eacute;lectrohypersensibles&lt;\/div&gt;\"  href=\"https:\/\/www.sera.asso.fr\/index.php\/glossaire\/ehs\/\"  data-gt-translate-attributes='[{\"attribute\":\"data-cmtooltip\", \"format\":\"html\"}]'  tabindex='0' role='link'>EHS<\/a> est un &eacute;tat qui g&eacute;n&egrave;re des <strong>pathologies biologiques, voire sanitaires sur les personnes, il est reconnue par l&#x2019;<a class=\"glossaryLink\" aria-describedby=\"tt\" data-cmtooltip=\"&lt;div class=glossaryItemTitle&gt;OMS&lt;\/div&gt;&lt;div class=glossaryItemBody&gt;Organisation Mondiale de la Sant&#xE9; (si&#xE8;ge &#xE0; Gen&#xE8;ve)&lt;\/div&gt;\" href=\"https:\/\/www.sera.asso.fr\/index.php\/glossaire\/oms\/\" data-gt-translate-attributes='[{\"attribute\":\"data-cmtooltip\", \"format\":\"html\"}]' tabindex=\"0\" role=\"link\">OMS<\/a>, mais pas encore par la France<\/strong>.Cet &#xE9;tat est une des cons&#xE9;quences des effets sur le m&#xE9;tabolisme humain de la nouvelle pollution environnementale provoqu&#xE9;e notamment par tous les rayonnements &#xE9;lectromagn&#xE9;tiques artificiels micro-ondes des Radio Fr&#xE9;quences (appareils dits sans fil).<\/p>\n<p style=\"text-align: justify;\">Les &#xE9;tudes scientifiques constatent <strong>une forte progression de l&rsquo;<a class=\"glossaryLink\"  aria-describedby=\"tt\"  data-cmtooltip=\"&lt;div class=glossaryItemTitle&gt;EHS&lt;\/div&gt;&lt;div class=glossaryItemBody&gt;D&eacute;signe les pathologies des &eacute;lectrohypersensibles&lt;\/div&gt;\"  href=\"https:\/\/www.sera.asso.fr\/index.php\/glossaire\/ehs\/\"  data-gt-translate-attributes='[{\"attribute\":\"data-cmtooltip\", \"format\":\"html\"}]'  tabindex='0' role='link'>EHS<\/a><\/strong> qui impacte en premier les personnes dites en &#xE9;tat de faiblesse, telles que les personnes &#xE2;g&#xE9;es, les malades, notamment les diab&#xE9;tiques, ainsi que les enfants.<\/p>\n<p style=\"text-align: justify;\">Dans un document de 196 pages <em>l&#x2019;<a class=\"glossaryLink\" aria-describedby=\"tt\" data-cmtooltip=\"&lt;div class=glossaryItemTitle&gt;OMS&lt;\/div&gt;&lt;div class=glossaryItemBody&gt;Organisation Mondiale de la Sant&#xE9; (si&#xE8;ge &#xE0; Gen&#xE8;ve)&lt;\/div&gt;\" href=\"https:\/\/www.sera.asso.fr\/index.php\/glossaire\/oms\/\" data-gt-translate-attributes='[{\"attribute\":\"data-cmtooltip\", \"format\":\"html\"}]' tabindex=\"0\" role=\"link\">OMS<\/a> d&#xE9;clare que <span style=\"text-decoration: underline;\">&laquo;&nbsp;La sensibilit&eacute; vis-&agrave;-vis des champs &eacute;lectromagn&eacute;tiques a re&ccedil;u la d&eacute;nomination g&eacute;n&eacute;rale d&rsquo;Hyper Sensibilit&eacute; Electromagn&eacute;tique&nbsp;&raquo; ou <a class=\"glossaryLink\"  aria-describedby=\"tt\"  data-cmtooltip=\"&lt;div class=glossaryItemTitle&gt;EHS&lt;\/div&gt;&lt;div class=glossaryItemBody&gt;D&eacute;signe les pathologies des &eacute;lectrohypersensibles&lt;\/div&gt;\"  href=\"https:\/\/www.sera.asso.fr\/index.php\/glossaire\/ehs\/\"  data-gt-translate-attributes='[{\"attribute\":\"data-cmtooltip\", \"format\":\"html\"}]'  tabindex='0' role='link'>EHS<\/a><\/span><\/em>. Elle comprend des sympt&#xF4;mes exprim&#xE9;s par le syst&#xE8;me nerveux comme les maux de t&#xEA;te, la fatigue, le stress, les troubles du sommeil, des sympt&#xF4;mes cutan&#xE9;s comme des picotements, des sensations de br&#xFB;lure, des d&#xE9;mangeaisons, des douleurs et des crampes musculaires ainsi que beaucoup d&#x2019;autres probl&#xE8;mes de sant&#xE9;.<\/p>\n<p style=\"text-align: justify;\">Quelles que soient les causes, la sensibilit&eacute; &eacute;lectromagn&eacute;tique est un probl&egrave;me invalidant pour les personnes qui en sont affect&eacute;es, alors que le niveau de Champs &Eacute;lectroMagn&eacute;tiques dans leur environnement n&rsquo;est habituellement pas plus &eacute;lev&eacute; que celui rencontr&eacute; dans le cadre de vie normal&nbsp;&raquo;. A ce jour en turnover plus d&rsquo;une centaine d&rsquo;<a class=\"glossaryLink\"  aria-describedby=\"tt\"  data-cmtooltip=\"&lt;div class=glossaryItemTitle&gt;EHS&lt;\/div&gt;&lt;div class=glossaryItemBody&gt;D&eacute;signe les pathologies des &eacute;lectrohypersensibles&lt;\/div&gt;\"  href=\"https:\/\/www.sera.asso.fr\/index.php\/glossaire\/ehs\/\"  data-gt-translate-attributes='[{\"attribute\":\"data-cmtooltip\", \"format\":\"html\"}]'  tabindex='0' role='link'>EHS<\/a> sont all&eacute;s se ressourcer dans cette for&ecirc;t ouverte au public, propri&eacute;t&eacute; du Conseil G&eacute;n&eacute;ral qui y autorise une tr&egrave;s forte pratique de la chasse en mettant des commodit&eacute;s et des installations b&acirc;ties &agrave; disposition des chasseurs. N&eacute;anmoins Didier Guillaume pr&eacute;sident du Conseil G&eacute;n&eacute;ral de la Dr&ocirc;me ne voit pas d&rsquo;un tr&egrave;s bon oeil cette immixtion d&rsquo;un groupe d&rsquo;<a class=\"glossaryLink\"  aria-describedby=\"tt\"  data-cmtooltip=\"&lt;div class=glossaryItemTitle&gt;EHS&lt;\/div&gt;&lt;div class=glossaryItemBody&gt;D&eacute;signe les pathologies des &eacute;lectrohypersensibles&lt;\/div&gt;\"  href=\"https:\/\/www.sera.asso.fr\/index.php\/glossaire\/ehs\/\"  data-gt-translate-attributes='[{\"attribute\":\"data-cmtooltip\", \"format\":\"html\"}]'  tabindex='0' role='link'>EHS<\/a> sur &laquo;&nbsp;ces terres&nbsp;&raquo; puisqu&rsquo;il a initi&eacute; une proc&eacute;dure judiciaire de R&eacute;f&eacute;r&eacute; dont l&rsquo;ordonnance rendue le 30 juillet 2010, m&ecirc;me si elle le d&eacute;boute de tout d&eacute;dommagement et astreinte ordonne aux <a class=\"glossaryLink\"  aria-describedby=\"tt\"  data-cmtooltip=\"&lt;div class=glossaryItemTitle&gt;EHS&lt;\/div&gt;&lt;div class=glossaryItemBody&gt;D&eacute;signe les pathologies des &eacute;lectrohypersensibles&lt;\/div&gt;\"  href=\"https:\/\/www.sera.asso.fr\/index.php\/glossaire\/ehs\/\"  data-gt-translate-attributes='[{\"attribute\":\"data-cmtooltip\", \"format\":\"html\"}]'  tabindex='0' role='link'>EHS<\/a> (sic) &laquo;&nbsp;de lib&eacute;rer les lieux dans un d&eacute;lais de 5 semaines &agrave; compter de la signification de la pr&eacute;sente d&eacute;cision&nbsp;&raquo;.<\/p>\n<p style=\"text-align: justify;\">Philippe Tribaudeau un des coordinateur du Collectif &laquo;&nbsp;Une terre pour les <a class=\"glossaryLink\"  aria-describedby=\"tt\"  data-cmtooltip=\"&lt;div class=glossaryItemTitle&gt;EHS&lt;\/div&gt;&lt;div class=glossaryItemBody&gt;D&eacute;signe les pathologies des &eacute;lectrohypersensibles&lt;\/div&gt;\"  href=\"https:\/\/www.sera.asso.fr\/index.php\/glossaire\/ehs\/\"  data-gt-translate-attributes='[{\"attribute\":\"data-cmtooltip\", \"format\":\"html\"}]'  tabindex='0' role='link'>EHS<\/a>&nbsp;&raquo; initiateur de cette action a d&eacute;clar&eacute; : &laquo;&nbsp;C&rsquo;est un jugement qui va faire le moins de vagues possibles, un jugement creux qui n&rsquo;aborde d&rsquo;aucune mani&egrave;re l&rsquo;essentiel da la probl&eacute;matique : o&ugrave; aller pour survivre ?&nbsp;&raquo; Le paradoxe dans cette affaire &eacute;tant que la personne en charge de ce dossier environnemental au Conseil G&eacute;n&eacute;ral n&rsquo;est autre que son vice-pr&eacute;sident Patrick Royannez, un Vert qui a remplac&eacute; au pied lev&eacute; Mich&egrave;le Rivasi suite &agrave; son &eacute;lection comme d&eacute;put&eacute;e au parlement Europ&eacute;en. Ce lundi 4 octobre dans une interview pour la cha&icirc;ne de t&eacute;l&eacute;vision Canal Plus il a r&eacute;affirm&eacute; &laquo;&nbsp;qu&rsquo;<em><span style=\"text-decoration: underline;\">il compatissait &agrave; la souffrance des <a class=\"glossaryLink\"  aria-describedby=\"tt\"  data-cmtooltip=\"&lt;div class=glossaryItemTitle&gt;EHS&lt;\/div&gt;&lt;div class=glossaryItemBody&gt;D&eacute;signe les pathologies des &eacute;lectrohypersensibles&lt;\/div&gt;\"  href=\"https:\/\/www.sera.asso.fr\/index.php\/glossaire\/ehs\/\"  data-gt-translate-attributes='[{\"attribute\":\"data-cmtooltip\", \"format\":\"html\"}]'  tabindex='0' role='link'>EHS<\/a>, mais que cette question n&rsquo;est pas des comp&eacute;tences du Conseil G&eacute;n&eacute;ral, mais du Minist&egrave;re de la Sant&eacute; <\/span><\/em>d&rsquo;o&ugrave; l&rsquo;action d&rsquo;expulsion engag&eacute;e &agrave; l&rsquo;encontre des <a class=\"glossaryLink\"  aria-describedby=\"tt\"  data-cmtooltip=\"&lt;div class=glossaryItemTitle&gt;EHS&lt;\/div&gt;&lt;div class=glossaryItemBody&gt;D&eacute;signe les pathologies des &eacute;lectrohypersensibles&lt;\/div&gt;\"  href=\"https:\/\/www.sera.asso.fr\/index.php\/glossaire\/ehs\/\"  data-gt-translate-attributes='[{\"attribute\":\"data-cmtooltip\", \"format\":\"html\"}]'  tabindex='0' role='link'>EHS<\/a> pour occupation ill&eacute;gale d&rsquo;un domaine priv&eacute;&nbsp;&raquo;. Dans ses ext&eacute;riorisations il est surprenant d&rsquo;entendre Patrick Royannez qui &eacute;voque et oppose aux <a class=\"glossaryLink\"  aria-describedby=\"tt\"  data-cmtooltip=\"&lt;div class=glossaryItemTitle&gt;EHS&lt;\/div&gt;&lt;div class=glossaryItemBody&gt;D&eacute;signe les pathologies des &eacute;lectrohypersensibles&lt;\/div&gt;\"  href=\"https:\/\/www.sera.asso.fr\/index.php\/glossaire\/ehs\/\"  data-gt-translate-attributes='[{\"attribute\":\"data-cmtooltip\", \"format\":\"html\"}]'  tabindex='0' role='link'>EHS<\/a> la stricte protection de l&rsquo;espace naturel sensible de la for&ecirc;t de Sao&ucirc;, alors qu&rsquo;en r&eacute;alit&eacute; il autorise les 4 x 4 des chasseurs qui disposent des clefs des barri&egrave;res &agrave; sillonner de long en large les pistes de la for&ecirc;t de Sao&ucirc; totalement interdite &agrave; toute circulation, un comble ! Pire, les <em>chiens sont m&#xEA;me &#xE9;quip&#xE9;s de colliers radio-&#xE9;metteurs de localisation avec antennes ext&#xE9;rieures.<\/em><\/p>\n<p style=\"text-align: justify;\">Qu&rsquo;en est-il du devenir de la protection des personnes &Eacute;lectro Hyper Sensibles qui r&eacute;sident &agrave; la for&ecirc;t de Sao&ucirc; ? Concr&egrave;tement, Didier Guillaume qui avait dans un premier temps jou&eacute; la carte du pourrissement de l&rsquo;action vient subitement de changer de strat&eacute;gie face &agrave; la p&eacute;rennisation de l&rsquo;action, on suppose sous la pression des chasseurs puisque le 7 octobre 2010 au petit matin les <a class=\"glossaryLink\"  aria-describedby=\"tt\"  data-cmtooltip=\"&lt;div class=glossaryItemTitle&gt;EHS&lt;\/div&gt;&lt;div class=glossaryItemBody&gt;D&eacute;signe les pathologies des &eacute;lectrohypersensibles&lt;\/div&gt;\"  href=\"https:\/\/www.sera.asso.fr\/index.php\/glossaire\/ehs\/\"  data-gt-translate-attributes='[{\"attribute\":\"data-cmtooltip\", \"format\":\"html\"}]'  tabindex='0' role='link'>EHS<\/a> pr&eacute;sents &agrave; la for&ecirc;t de Sao&ucirc;, qui sont semble-t-il devenus des g&ecirc;neurs, ont eu la d&eacute;sagr&eacute;able surprise de se voir signifier un commandement d&rsquo;expulsion pour le 12 octobre 2010 &agrave; minuit avec recours &agrave; la force publique si n&eacute;cessaire.<\/p>\n<p style=\"text-align: justify;\"><span style=\"text-decoration: underline;\"><strong>Cot&eacute; Minist&egrave;re de la Sant&eacute;, afin de trouver une solution de sortie de crise une r&eacute;union a eu lieu sur cette affaire &agrave; la Direction G&eacute;n&eacute;rale de la Sant&eacute; le mercredi 1er septembre 2010 avec les repr&eacute;sentants des <a class=\"glossaryLink\"  aria-describedby=\"tt\"  data-cmtooltip=\"&lt;div class=glossaryItemTitle&gt;EHS&lt;\/div&gt;&lt;div class=glossaryItemBody&gt;D&eacute;signe les pathologies des &eacute;lectrohypersensibles&lt;\/div&gt;\"  href=\"https:\/\/www.sera.asso.fr\/index.php\/glossaire\/ehs\/\"  data-gt-translate-attributes='[{\"attribute\":\"data-cmtooltip\", \"format\":\"html\"}]'  tabindex='0' role='link'>EHS<\/a> et les principaux intervenants des autorit&eacute;s de sant&eacute; Fran&ccedil;aises (AFFSET, <a class=\"glossaryLink\" aria-describedby=\"tt\" data-cmtooltip=\"&lt;div class=glossaryItemTitle&gt;ARS&lt;\/div&gt;&lt;div class=glossaryItemBody&gt;Agence R&#xE9;gionale de Sant&#xE9;&lt;\/div&gt;\" href=\"https:\/\/www.sera.asso.fr\/index.php\/glossaire\/ars\/\" data-gt-translate-attributes='[{\"attribute\":\"data-cmtooltip\", \"format\":\"html\"}]' tabindex=\"0\" role=\"link\">ARS<\/a>, <a class=\"glossaryLink\" aria-describedby=\"tt\" data-cmtooltip=\"&lt;div class=glossaryItemTitle&gt;INVS&lt;\/div&gt;&lt;div class=glossaryItemBody&gt;Institut National de Veille Sanitaire&lt;\/div&gt;\" href=\"https:\/\/www.sera.asso.fr\/index.php\/glossaire\/invs\/\" data-gt-translate-attributes='[{\"attribute\":\"data-cmtooltip\", \"format\":\"html\"}]' tabindex=\"0\" role=\"link\">INVS<\/a>, DASS) ainsi que le repr&#xE9;sentant de la Pr&#xE9;fecture de la Dr&#xF4;me.<\/strong><\/span><\/p>\n<p style=\"text-align: justify;\">C&rsquo;est le Pr Dominique Choudat de l&rsquo;h&ocirc;pital Cochin qui a en charge le dossier <a class=\"glossaryLink\"  aria-describedby=\"tt\"  data-cmtooltip=\"&lt;div class=glossaryItemTitle&gt;EHS&lt;\/div&gt;&lt;div class=glossaryItemBody&gt;D&eacute;signe les pathologies des &eacute;lectrohypersensibles&lt;\/div&gt;\"  href=\"https:\/\/www.sera.asso.fr\/index.php\/glossaire\/ehs\/\"  data-gt-translate-attributes='[{\"attribute\":\"data-cmtooltip\", \"format\":\"html\"}]'  tabindex='0' role='link'>EHS<\/a> au niveau national dans le cadre du Grenelle de l&rsquo;environnement. Lors de cette r&eacute;union il a fait un &eacute;tat des avanc&eacute;es en expliquant que <strong>&laquo;&nbsp;l&rsquo;&eacute;laboration du protocole de prise en charge des <a class=\"glossaryLink\"  aria-describedby=\"tt\"  data-cmtooltip=\"&lt;div class=glossaryItemTitle&gt;EHS&lt;\/div&gt;&lt;div class=glossaryItemBody&gt;D&eacute;signe les pathologies des &eacute;lectrohypersensibles&lt;\/div&gt;\"  href=\"https:\/\/www.sera.asso.fr\/index.php\/glossaire\/ehs\/\"  data-gt-translate-attributes='[{\"attribute\":\"data-cmtooltip\", \"format\":\"html\"}]'  tabindex='0' role='link'>EHS<\/a> est toujours en cours en concertation avec l&rsquo;INRIS et l&rsquo;Institut de Sant&eacute; de Lausanne<\/strong>, il devrait &ecirc;tre achev&eacute; en principe en fin d&rsquo;ann&eacute;e avec les premi&egrave;res consultations des <a class=\"glossaryLink\"  aria-describedby=\"tt\"  data-cmtooltip=\"&lt;div class=glossaryItemTitle&gt;EHS&lt;\/div&gt;&lt;div class=glossaryItemBody&gt;D&eacute;signe les pathologies des &eacute;lectrohypersensibles&lt;\/div&gt;\"  href=\"https:\/\/www.sera.asso.fr\/index.php\/glossaire\/ehs\/\"  data-gt-translate-attributes='[{\"attribute\":\"data-cmtooltip\", \"format\":\"html\"}]'  tabindex='0' role='link'>EHS<\/a> dans 24 centre nationaux qui devraient durer 2 ans, plus une &agrave; deux ann&eacute;es d&rsquo;analyses de r&eacute;sultats n&eacute;cessaires &agrave; l&rsquo;&eacute;laboration de &laquo;&nbsp;l&rsquo;&eacute;tude pilote multicentrique totalement ind&eacute;pendante&nbsp;&raquo;. <span style=\"text-decoration: underline;\"><em>Parall&#xE8;lement des consultations sont engag&#xE9;es au niveau national avec les r&#xE9;seaux des pathologies professionnelles.<\/em><\/span><\/p>\n<p style=\"text-align: justify;\">&#xAB;&#xA0;En tout &#xE9;tat de cause il reste <em>beaucoup d&#x2019;&#xE9;tapes &#xE0; mettre en place avant l&#x2019;acc&#xE8;s aux consultations m&#xE9;dicales standardis&#xE9;es sur tout le territoire fran&#xE7;ais afin d&#x2019;avoir les m&#xEA;mes donn&#xE9;es pour les analyses&#xA0;&#xBB;<\/em> a conclu le Pr Dominique Choudat.<\/p>\n<p style=\"text-align: justify;\">Pour les repr&eacute;sentants des <a class=\"glossaryLink\"  aria-describedby=\"tt\"  data-cmtooltip=\"&lt;div class=glossaryItemTitle&gt;EHS&lt;\/div&gt;&lt;div class=glossaryItemBody&gt;D&eacute;signe les pathologies des &eacute;lectrohypersensibles&lt;\/div&gt;\"  href=\"https:\/\/www.sera.asso.fr\/index.php\/glossaire\/ehs\/\"  data-gt-translate-attributes='[{\"attribute\":\"data-cmtooltip\", \"format\":\"html\"}]'  tabindex='0' role='link'>EHS<\/a> initiateurs de l&rsquo;action d&rsquo;occupation de la for&ecirc;t de Sao&ucirc; qui souhaitent la cr&eacute;ation dans chaque d&eacute;partement fran&ccedil;ais d&rsquo;une Zone Refuge (sans irradiation) destin&eacute;e au ressourcement des <a class=\"glossaryLink\"  aria-describedby=\"tt\"  data-cmtooltip=\"&lt;div class=glossaryItemTitle&gt;EHS&lt;\/div&gt;&lt;div class=glossaryItemBody&gt;D&eacute;signe les pathologies des &eacute;lectrohypersensibles&lt;\/div&gt;\"  href=\"https:\/\/www.sera.asso.fr\/index.php\/glossaire\/ehs\/\"  data-gt-translate-attributes='[{\"attribute\":\"data-cmtooltip\", \"format\":\"html\"}]'  tabindex='0' role='link'>EHS<\/a>, il n&rsquo;est plus possible d&rsquo;attendre face aux pathologies, au d&eacute;sarroi et &agrave; la souffrance endur&eacute;e par de plus en plus de personnes atteintes d&rsquo;<a class=\"glossaryLink\"  aria-describedby=\"tt\"  data-cmtooltip=\"&lt;div class=glossaryItemTitle&gt;EHS&lt;\/div&gt;&lt;div class=glossaryItemBody&gt;D&eacute;signe les pathologies des &eacute;lectrohypersensibles&lt;\/div&gt;\"  href=\"https:\/\/www.sera.asso.fr\/index.php\/glossaire\/ehs\/\"  data-gt-translate-attributes='[{\"attribute\":\"data-cmtooltip\", \"format\":\"html\"}]'  tabindex='0' role='link'>EHS<\/a>. Face &agrave; cette expulsion imminente, les <a class=\"glossaryLink\"  aria-describedby=\"tt\"  data-cmtooltip=\"&lt;div class=glossaryItemTitle&gt;EHS&lt;\/div&gt;&lt;div class=glossaryItemBody&gt;D&eacute;signe les pathologies des &eacute;lectrohypersensibles&lt;\/div&gt;\"  href=\"https:\/\/www.sera.asso.fr\/index.php\/glossaire\/ehs\/\"  data-gt-translate-attributes='[{\"attribute\":\"data-cmtooltip\", \"format\":\"html\"}]'  tabindex='0' role='link'>EHS<\/a> ont &eacute;crit au Pr&eacute;fet de la Dr&ocirc;me repr&eacute;sentant l&rsquo;&Eacute;tat :&nbsp;&raquo;les autorit&eacute;s ne laissent aucun choix aux <a class=\"glossaryLink\"  aria-describedby=\"tt\"  data-cmtooltip=\"&lt;div class=glossaryItemTitle&gt;EHS&lt;\/div&gt;&lt;div class=glossaryItemBody&gt;D&eacute;signe les pathologies des &eacute;lectrohypersensibles&lt;\/div&gt;\"  href=\"https:\/\/www.sera.asso.fr\/index.php\/glossaire\/ehs\/\"  data-gt-translate-attributes='[{\"attribute\":\"data-cmtooltip\", \"format\":\"html\"}]'  tabindex='0' role='link'>EHS<\/a> pour leur survie, en cons&eacute;quence ils n&rsquo;opposeront aucune violence &agrave; leur expulsion, mais ils partiront que sous la pression de la force publique&nbsp;&raquo;. Ils rajoutent que &laquo;&nbsp;Cela rappelle les heures sombres de notre histoire lorsque pendant plusieurs ann&eacute;es les autorit&eacute;s ont expuls&eacute; d&rsquo;autres personnes class&eacute;es ind&eacute;sirables sans se poser des questions sur leur devenir&nbsp;&raquo;.<\/p>\n<p style=\"text-align: justify;\">Pour Serge Sargentini, coordinateur de l&rsquo;Organisation Next-up qui diffuse mondialement l&rsquo;information sur les Champs &Eacute;lectroMagn&eacute;tiques : &laquo;&nbsp;Cette expulsion ne r&eacute;sout en rien le probl&egrave;me, puisque les <a class=\"glossaryLink\"  aria-describedby=\"tt\"  data-cmtooltip=\"&lt;div class=glossaryItemTitle&gt;EHS&lt;\/div&gt;&lt;div class=glossaryItemBody&gt;D&eacute;signe les pathologies des &eacute;lectrohypersensibles&lt;\/div&gt;\"  href=\"https:\/\/www.sera.asso.fr\/index.php\/glossaire\/ehs\/\"  data-gt-translate-attributes='[{\"attribute\":\"data-cmtooltip\", \"format\":\"html\"}]'  tabindex='0' role='link'>EHS<\/a>, trait&eacute;s comme des parias, n&rsquo;ayant aucun choix pour survivre iront s&rsquo;installer en convoi un peu plus loin dans une autre zone &eacute;ligible (sans rayonnement) &eacute;videmment class&eacute;e aussi site naturel prot&eacute;g&eacute;, mais avec des conditions de vie plus difficiles puisque en moyenne altitude et se laisseront enfermer dans les neiges pour l&rsquo;hiver&nbsp;&raquo;. Il n&rsquo;en reste pas moins que les <a class=\"glossaryLink\"  aria-describedby=\"tt\"  data-cmtooltip=\"&lt;div class=glossaryItemTitle&gt;EHS&lt;\/div&gt;&lt;div class=glossaryItemBody&gt;D&eacute;signe les pathologies des &eacute;lectrohypersensibles&lt;\/div&gt;\"  href=\"https:\/\/www.sera.asso.fr\/index.php\/glossaire\/ehs\/\"  data-gt-translate-attributes='[{\"attribute\":\"data-cmtooltip\", \"format\":\"html\"}]'  tabindex='0' role='link'>EHS<\/a> mettent en garde le Pr&eacute;fet de la Dr&ocirc;me notamment sur l&rsquo;aspect sanitaire inh&eacute;rent &agrave; cette expulsion &agrave; hauts risques. En effet les <a class=\"glossaryLink\"  aria-describedby=\"tt\"  data-cmtooltip=\"&lt;div class=glossaryItemTitle&gt;EHS&lt;\/div&gt;&lt;div class=glossaryItemBody&gt;D&eacute;signe les pathologies des &eacute;lectrohypersensibles&lt;\/div&gt;\"  href=\"https:\/\/www.sera.asso.fr\/index.php\/glossaire\/ehs\/\"  data-gt-translate-attributes='[{\"attribute\":\"data-cmtooltip\", \"format\":\"html\"}]'  tabindex='0' role='link'>EHS<\/a> pr&eacute;sents &agrave; Sao&ucirc; poss&egrave;dent &laquo;&nbsp;<strong>des certificats m&#xE9;dicaux<\/strong>, exemples [1] [2] sign&eacute;s par des m&eacute;decins qui attestent explicitement leur &eacute;tat de sant&eacute;&nbsp;&raquo;, en cons&eacute;quence ils attirent l&rsquo;attention du Pr&eacute;fet, responsable de la force publique &laquo;&nbsp;sur l&rsquo;extr&ecirc;me vuln&eacute;rabilit&eacute; de certains (es) d&rsquo;entre eux qui ne supportent physiquement aucun appareil &eacute;mettant des rayonnements de Radio Fr&eacute;quences dans une zone proche sous risques de pathologies et d&rsquo;effets sanitaires graves&nbsp;&raquo;. Ils demandent explicitement &agrave; ce que les forces de l&rsquo;ordre n&rsquo;utilisent pas de mat&eacute;riel de transmission durant l&rsquo;op&eacute;ration d&rsquo;expulsion et la pr&eacute;sence d&rsquo;une unit&eacute; m&eacute;dicale mobile afin d&rsquo;assurer la s&eacute;curit&eacute;. &laquo;&nbsp;Pour beaucoup, leurs d&eacute;placements doivent avoir lieu dans des v&eacute;hicules sp&eacute;ciaux am&eacute;nag&eacute;s contre les rayonnements des CEM artificiels Hautes Fr&eacute;quences micro-ondes m&ecirc;me de tr&egrave;s faibles niveau sous peine d&rsquo;atteinte &agrave; la vie de la personne. Ceci est clairement stipul&eacute; sur les certificats m&eacute;dicaux, c&rsquo;est ce qui est le cas pour la majorit&eacute; des <a class=\"glossaryLink\"  aria-describedby=\"tt\"  data-cmtooltip=\"&lt;div class=glossaryItemTitle&gt;EHS&lt;\/div&gt;&lt;div class=glossaryItemBody&gt;D&eacute;signe les pathologies des &eacute;lectrohypersensibles&lt;\/div&gt;\"  href=\"https:\/\/www.sera.asso.fr\/index.php\/glossaire\/ehs\/\"  data-gt-translate-attributes='[{\"attribute\":\"data-cmtooltip\", \"format\":\"html\"}]'  tabindex='0' role='link'>EHS<\/a> pr&eacute;sents &agrave; Sao&ucirc;&nbsp;&raquo;. Les <a class=\"glossaryLink\"  aria-describedby=\"tt\"  data-cmtooltip=\"&lt;div class=glossaryItemTitle&gt;EHS&lt;\/div&gt;&lt;div class=glossaryItemBody&gt;D&eacute;signe les pathologies des &eacute;lectrohypersensibles&lt;\/div&gt;\"  href=\"https:\/\/www.sera.asso.fr\/index.php\/glossaire\/ehs\/\"  data-gt-translate-attributes='[{\"attribute\":\"data-cmtooltip\", \"format\":\"html\"}]'  tabindex='0' role='link'>EHS<\/a> consid&egrave;rent aussi &laquo;&nbsp;comme corresponsables les politiques qui ont initi&eacute; une telle expulsion sans proposer dans le cadre de leurs fonctions et pr&eacute;rogatives une solution alternative &agrave; cette probl&eacute;matique environnementale &eacute;mergeante de sant&eacute; publique&nbsp;&raquo;.<\/p>\n<p style=\"text-align: justify;\">Ils rappellent que <strong>la Charte de l&#x2019;Environnement<\/strong> qui a valeur constitutionnelle confirme un droit l&#xE9;gitime dans son article 1 :<strong> &#xAB;&#xA0;Tout homme a droit &#xE0; un environnement sain et respectueux de sa sant&#xE9;<\/strong>&#xA0;&#xBB; Didier Guillaume, pr&#xE9;sident du Conseil G&#xE9;n&#xE9;ral a initi&#xE9; une exposition sur l&#x2019;histoire de la for&#xEA;t de Sao&#xFB;, en pr&#xE9;ambule ont peut y lire : &#xAB;&#xA0;La for&#xEA;t de Sao&#xFB; a toujours &#xE9;t&#xE9; un refuge (ndlr : huguenots) et un lieu de r&#xE9;sistance pour les hommes&#xA0;&#xBB; &#x2026;<\/p>\n","protected":false},"excerpt":{"rendered":"<p>Communiqu&#xE9; de Presse de la part du groupe: Une terre pour les <a class=\"glossaryLink\" aria-describedby=\"tt\" data-cmtooltip=\"&lt;div class=glossaryItemTitle&gt;EHS&lt;\/div&gt;&lt;div class=glossaryItemBody&gt;D&#xE9;signe les pathologies des &#xE9;lectrohypersensibles&lt;\/div&gt;\" href=\"https:\/\/www.sera.asso.fr\/index.php\/glossaire\/ehs\/\" data-gt-translate-attributes='[{\"attribute\":\"data-cmtooltip\", \"format\":\"html\"}]' tabindex=\"0\" role=\"link\">EHS<\/a> &#x2013; 08 10 2010 Une expulsion imminente avec recours &#xE0; la force publique des &#xC9;lectro Hyper Sensibles &#x2026; <a href=\"https:\/\/www.sera.asso.fr\/index.php\/des-personnes-hyperelectrosensibles-refugies-dans-une-foret-domaniale-de-la-drome\/\" class=\"more-link\">Continuer la lecture de <span class=\"screen-reader-text\">Des personnes hyper&#xE9;lectrosensibles r&#xE9;fugi&#xE9;es dans une for&#xEA;t domaniale de la Dr&#xF4;me<\/span> <span class=\"meta-nav\">&#x2192;<\/span><\/a><\/p>\n","protected":false},"author":17,"featured_media":0,"comment_status":"closed","ping_status":"open","sticky":false,"template":"","format":"standard","meta":{"footnotes":""},"categories":[1],"tags":[],"class_list":["post-648","post","type-post","status-publish","format-standard","hentry","category-non-classe"],"wps_subtitle":"","_links":{"self":[{"href":"https:\/\/www.sera.asso.fr\/index.php\/wp-json\/wp\/v2\/posts\/648","targetHints":{"allow":["GET"]}}],"collection":[{"href":"https:\/\/www.sera.asso.fr\/index.php\/wp-json\/wp\/v2\/posts"}],"about":[{"href":"https:\/\/www.sera.asso.fr\/index.php\/wp-json\/wp\/v2\/types\/post"}],"author":[{"embeddable":true,"href":"https:\/\/www.sera.asso.fr\/index.php\/wp-json\/wp\/v2\/users\/17"}],"replies":[{"embeddable":true,"href":"https:\/\/www.sera.asso.fr\/index.php\/wp-json\/wp\/v2\/comments?post=648"}],"version-history":[{"count":11,"href":"https:\/\/www.sera.asso.fr\/index.php\/wp-json\/wp\/v2\/posts\/648\/revisions"}],"predecessor-version":[{"id":3687,"href":"https:\/\/www.sera.asso.fr\/index.php\/wp-json\/wp\/v2\/posts\/648\/revisions\/3687"}],"wp:attachment":[{"href":"https:\/\/www.sera.asso.fr\/index.php\/wp-json\/wp\/v2\/media?parent=648"}],"wp:term":[{"taxonomy":"category","embeddable":true,"href":"https:\/\/www.sera.asso.fr\/index.php\/wp-json\/wp\/v2\/categories?post=648"},{"taxonomy":"post_tag","embeddable":true,"href":"https:\/\/www.sera.asso.fr\/index.php\/wp-json\/wp\/v2\/tags?post=648"}],"curies":[{"name":"wp","href":"https:\/\/api.w.org\/{rel}","templated":true}]}}