{"id":29818,"date":"2026-04-24T09:38:32","date_gmt":"2026-04-24T07:38:32","guid":{"rendered":"https:\/\/www.sera.asso.fr\/?p=29818"},"modified":"2026-04-28T08:13:46","modified_gmt":"2026-04-28T06:13:46","slug":"une-etude-epidemiologique-sur-les-expositions-aux-pfas-le-projet-perfao","status":"publish","type":"post","link":"https:\/\/www.sera.asso.fr\/index.php\/une-etude-epidemiologique-sur-les-expositions-aux-pfas-le-projet-perfao\/","title":{"rendered":"Une \u00e9tude \u00e9pid\u00e9miologique sur les expositions aux PFAS: le Projet Perfao"},"content":{"rendered":"<p style=\"text-align: justify;\">Alors qu&#x2019;en 2022, a &#xE9;t&#xE9; mis en &#xE9;vidence un <strong>scandale sanitaire et environnemental d&#x2019; une pollution massive de l&#x2019;air, de l&#x2019;eau et des sols autour de la plateforme industrielle de ces deux producteurs historiques de PFAS de la vall&#xE9;e de la Chimie<\/strong> dans le sud lyonnais, des mobilisations citoyennes se sont fait jour .<\/p>\n<p style=\"text-align: justify;\">C&#x2019;est ainsi qu&#x2019;avec les conseils prodigu&#xE9;s par l&#x2019;Institut &#xE9;cocitoyen de Fos-sur-Mer, le <strong><a href=\"https:\/\/www.youtube.com\/watch?v=w1wF8YlXMFM&amp;t=6s\" target=\"_blank\" rel=\"external noopener\">projet Perfao<\/a><\/strong> s&#x2019;est engag&#xE9;: il constitue la premi&#xE8;re &#xE9;tude &#xE9;pid&#xE9;miologique de cette ampleur en France sur les &#xAB;polluants &#xE9;ternels&#xBB;. Ces compos&#xE9;s per- et polyfluoroalkyl&#xE9;s tr&#xE8;s persistants sont utilis&#xE9;s massivement dans l&#x2019;industrie et de nombreux objets du quotidien, et leurs effets nocifs sur la sant&#xE9; sont av&#xE9;r&#xE9;s.<\/p>\n<p style=\"text-align: justify;\">Afin de mettre en &#xE9;vidence les expositions auxquelles ont &#xE9;t&#xE9; soumis les populations 300 citoyens du Sud Lyonnais se sont porter volontaires pour objectiver ces pollutions par une enqu&#xEA;te de biosurveillance. Ils vont contribuer &#xE0; une meilleure connaissance de la pollution. C&#x2019;est au sein de l&#x2019;h&#xF4;pital Lyon Sud, que Sophie Fougerat, coordinatrice des essais cliniques, a &#xE9;labor&#xE9; l&#x2019;ensemble du protocole de l&#x2019;&#xE9;tude Perfao avec l&#x2019;aide du biologiste Karim Chikh : pr&#xE9;l&#xE8;vements, analyses, mat&#xE9;riel, budget, mobilisation du personnel, &#xE9;changes avec le comit&#xE9; d&#x2019;&#xE9;thique.Les &#xE9;chantillons sont conserv&#xE9;s &#xE0; &#x2014; 80&#xA0;&#xB0;C le temps de compl&#xE9;ter la cohorte, puis seront envoy&#xE9;s en une seule fois, d&#x2019;ici trois &#xE0; quatre mois.<\/p>\n<p style=\"text-align: justify;\">Cofinanc&#xE9;e par la M&#xE9;tropole de Lyon et l&#x2019;Agence r&#xE9;gionale de sant&#xE9; &#xE0; hauteur d&#x2019;environ 500&#xA0;000 euros, le budget comprend le recrutement des volontaires, la campagne de pr&#xE9;l&#xE8;vements et d&#x2019;enqu&#xEA;tes &#xE0; domicile, les analyses de 32&#xA0;PFAS et des principaux biomarqueurs. &#xAB;&#xA0;<strong>&#xA0;L&#x2019;objectif est d&#x2019;identifier des liens entre le niveau d&#x2019;exposition aux PFAS et diff&#xE9;rents param&#xE8;tres biologiques<\/strong>, et de voir si des associations &#xE9;mergent&#xA0;&#xA0;&#xBB;, explique le biologiste Karim Chikh.<\/p>\n<p style=\"text-align: justify;\">Cette &#xE9;tude est compl&#xE9;t&#xE9;e par un second volet essentiel : une enqu&#xEA;te &#xE0; domicile qui consiste &#xE0; une longue s&#xE9;rie de questions pos&#xE9;es par l&#x2019;enqu&#xEA;trice : situation familiale, emploi,&#xA0; sant&#xE9;, produits d&#x2019;entretien, hygi&#xE8;ne, alimentation, loisirs, jardinage&#x2026;De quoi analyser l&#x2019;environnement des personnes&#xA0; appel&#xE9; aussi l&#x2019;exposome.<\/p>\n<p>Il est pr&#xE9;vu que les r&#xE9;sultats individuels soient communiqu&#xE9;s d&#xE8;s l&#x2019;&#xE9;t&#xE9; pour les marqueurs biologiques, puis d&#x2019;ici fin 2026 pour les taux de PFAS, probablement lors d&#x2019;ateliers publics. L&#x2019;analyse collective, elle, est attendue pour 2027.<\/p>\n","protected":false},"excerpt":{"rendered":"<p>Alors qu&#x2019;en 2022, a &#xE9;t&#xE9; mis en &#xE9;vidence un scandale sanitaire et environnemental d&#x2019; une pollution massive de l&#x2019;air, de l&#x2019;eau et des sols autour de la plateforme industrielle de &#x2026; <a href=\"https:\/\/www.sera.asso.fr\/index.php\/une-etude-epidemiologique-sur-les-expositions-aux-pfas-le-projet-perfao\/\" class=\"more-link\">Continuer la lecture de <span class=\"screen-reader-text\">Une &#xE9;tude &#xE9;pid&#xE9;miologique sur les expositions aux PFAS: le Projet Perfao<\/span> <span class=\"meta-nav\">&#x2192;<\/span><\/a><\/p>\n","protected":false},"author":17,"featured_media":0,"comment_status":"closed","ping_status":"open","sticky":false,"template":"","format":"standard","meta":{"footnotes":""},"categories":[187,607,198,206,214,212,614,730,224,194,230,232,239,213,684],"tags":[],"class_list":["post-29818","post","type-post","status-publish","format-standard","hentry","category-alimentation","category-aspects-reglementaires","category-contanimations_chimiques","category-eau","category-epidemiologique","category-etudes_scientifiques","category-modes-de-comportement","category-pfas","category-population_risque","category-posit_citoyen_ong","category-vie_quotidienne","category-sols","category-surveillance-sanitaire","category-toxicologique","category-vie-sociale"],"wps_subtitle":"","_links":{"self":[{"href":"https:\/\/www.sera.asso.fr\/index.php\/wp-json\/wp\/v2\/posts\/29818","targetHints":{"allow":["GET"]}}],"collection":[{"href":"https:\/\/www.sera.asso.fr\/index.php\/wp-json\/wp\/v2\/posts"}],"about":[{"href":"https:\/\/www.sera.asso.fr\/index.php\/wp-json\/wp\/v2\/types\/post"}],"author":[{"embeddable":true,"href":"https:\/\/www.sera.asso.fr\/index.php\/wp-json\/wp\/v2\/users\/17"}],"replies":[{"embeddable":true,"href":"https:\/\/www.sera.asso.fr\/index.php\/wp-json\/wp\/v2\/comments?post=29818"}],"version-history":[{"count":2,"href":"https:\/\/www.sera.asso.fr\/index.php\/wp-json\/wp\/v2\/posts\/29818\/revisions"}],"predecessor-version":[{"id":29834,"href":"https:\/\/www.sera.asso.fr\/index.php\/wp-json\/wp\/v2\/posts\/29818\/revisions\/29834"}],"wp:attachment":[{"href":"https:\/\/www.sera.asso.fr\/index.php\/wp-json\/wp\/v2\/media?parent=29818"}],"wp:term":[{"taxonomy":"category","embeddable":true,"href":"https:\/\/www.sera.asso.fr\/index.php\/wp-json\/wp\/v2\/categories?post=29818"},{"taxonomy":"post_tag","embeddable":true,"href":"https:\/\/www.sera.asso.fr\/index.php\/wp-json\/wp\/v2\/tags?post=29818"}],"curies":[{"name":"wp","href":"https:\/\/api.w.org\/{rel}","templated":true}]}}