{"id":29671,"date":"2026-03-17T23:59:23","date_gmt":"2026-03-17T21:59:23","guid":{"rendered":"https:\/\/www.sera.asso.fr\/?p=29671"},"modified":"2026-04-07T11:49:08","modified_gmt":"2026-04-07T09:49:08","slug":"les-projets-europeens-omnibus-engagent-ils-une-deregulation-des-reglementations","status":"publish","type":"post","link":"https:\/\/www.sera.asso.fr\/index.php\/les-projets-europeens-omnibus-engagent-ils-une-deregulation-des-reglementations\/","title":{"rendered":"Les projets europ\u00e9ens Omnibus engagent-ils une d\u00e9r\u00e9gulation des r\u00e9glementations?"},"content":{"rendered":"<p><strong>Nous rapportons ici les informations transmises par notre partenaire G&#xE9;n&#xE9;rations futures qui nous semblent de la plus haute importance.<\/strong><\/p>\n<p class=\"page-header\">Produit biocides: Les limites de la r&#xE9;glementation actuelle et les risques de d&#xE9;r&#xE9;gulation dans le<strong> cadre du projet d&#x2019;Omnibus X<\/strong><\/p>\n<article class=\"node node--type-article article is-promoted full clearfix\" role=\"article\">\n<footer>\n<div class=\"author header-info\">\n<div class=\"article-create-date\"><\/div>\n<\/div>\n<\/footer>\n<div class=\"content\">\n<div class=\"field field--name-field-image field--type-image field--label-hidden field--item\"><a class=\"colorbox cboxElement\" title=\"&#xA9; DR\" role=\"button\" href=\"https:\/\/www.sans-transition-magazine.info\/sites\/default\/files\/articles\/rapport-residus-pesticides2-scaled-tt-width-616-height-410-crop-1-bgcolor-ffffff.jpg\" aria-controls=\"colorbox\" aria-label='{\"alt\":\"&#xA9; DR\"}' data-colorbox-gallery=\"gallery-article-4759-3491DDtxVG0\" data-cbox-img-attrs='{\"alt\":\"&#xA9; DR\"}'><img loading=\"lazy\" decoding=\"async\" class=\"img-responsive\" src=\"https:\/\/www.sans-transition-magazine.info\/sites\/default\/files\/styles\/juicebox_medium\/public\/articles\/rapport-residus-pesticides2-scaled-tt-width-616-height-410-crop-1-bgcolor-ffffff.jpg?itok=oDgAYmlX\" alt=\"&#xA9; DR\" width=\"406\" height=\"238\"\/><\/a><\/div>\n<div><\/div>\n<div class=\"field field--name-field-intro field--type-text-long field--label-hidden field--item\">\n<p style=\"text-align: justify;\"><em>Depuis la publication par la Commission europ&#xE9;enne <strong>en d&#xE9;cembre 2025 du texte de l&#x2019;Omnibus X &#x201C;Food and feed&#x201D;,<\/strong> G&#xE9;n&#xE9;rations Futures pointe r&#xE9;guli&#xE8;rement le flou autour des crit&#xE8;res d&#xE9;finissant les substances qui seraient concern&#xE9;es par la suppression de la proc&#xE9;dure de r&#xE9;examen p&#xE9;riodique.<\/em><\/p>\n<p style=\"text-align: justify;\"><em> Apr&#xE8;s un courrier envoy&#xE9; &#xE0; la Commission europ&#xE9;enne&#xA0;<\/em><a href=\"https:\/\/www.generations-futures.fr\/actualites\/omnibus-pesticides-illimitees\/\" target=\"_blank\" rel=\"noopener\"><em><u><strong>le 5 f&#xE9;vrier dernier au sujet des substances pesticides<\/strong><\/u><\/em><\/a><em>, l&#x2019;association pr&#xE9;sente aujourd&#x2019;hui &#xE0; la Commission une liste de substances biocides qui pourraient se retrouver <strong>approuv&#xE9;es sans limite de temps, parmi lesquelles figurent des canc&#xE9;rig&#xE8;nes suspect&#xE9;s.<\/strong> <\/em><\/p>\n<p style=\"text-align: justify;\"><em>Alors qu&#x2019;a pris fin hier&#xA0;<a href=\"https:\/\/ec.europa.eu\/info\/law\/better-regulation\/have-your-say\/initiatives\/14527-Biocidal-Products-Regulation-evaluation_en\" target=\"_blank\" rel=\"noopener noreferrer\"><strong>la consultation sur l&#x2019;&#xE9;valuation du r&#xE8;glement biocides<\/strong><\/a>, &#xE0; laquelle&#xA0;<strong><a href=\"https:\/\/ec.europa.eu\/info\/law\/better-regulation\/have-your-say\/initiatives\/14527-Biocidal-Products-Regulation-evaluation\/F33378044_en\" target=\"_blank\" rel=\"noopener noreferrer\">l&#x2019;association a particip&#xE9;<\/a><\/strong>, G&#xE9;n&#xE9;rations Futures r&#xE9;affirme que les retards pris dans l&#x2019;&#xE9;valuation des substances, caus&#xE9;s par la combinaison de moyens insuffisants et dossiers d&#xE9;pos&#xE9;s incomplets par l&#x2019;industrie, ne doit en aucun cas &#xEA;tre r&#xE9;sorb&#xE9; par<strong> un all&#xE8;gement du niveau de protection de la sant&#xE9; et de l&#x2019;environnement.&#xA0;<\/strong><\/em><\/p>\n<ul>\n<li><a href=\"https:\/\/www.generations-futures.fr\/wp-content\/uploads\/2026\/03\/lettre-sant-biocides.pdf\" target=\"_blank\" rel=\"noopener\"><strong>Lettre &#xE0; la DG SANTE<\/strong><\/a><\/li>\n<li><strong><a href=\"https:\/\/www.generations-futures.fr\/wp-content\/uploads\/2026\/03\/lettre-envi-biocides.pdf\" target=\"_blank\" rel=\"noopener\">Lettre &#xE0; la DG ENVI<\/a><\/strong><\/li>\n<li><a href=\"https:\/\/www.generations-futures.fr\/wp-content\/uploads\/2026\/03\/biocidal-active-substances-unlimited_article-15a.pdf\" target=\"_blank\" rel=\"noopener\"><strong>Liste des 34 substances concern&#xE9;es<\/strong><\/a><\/li>\n<li><a href=\"https:\/\/www.generations-futures.fr\/wp-content\/uploads\/2026\/03\/methodo-identification-substances-illimitee-biocides.pdf\" target=\"_blank\" rel=\"noopener\"><strong>Fiche m&#xE9;thodologique<\/strong><\/a><\/li>\n<\/ul>\n<p id=\"isPasted\" style=\"text-align: justify;\"><strong>Bien que largement m&#xE9;connus, les produits biocides sont largement utilis&#xE9;s,<\/strong>&#xA0;que ce soit par des professionnels ou le grand public. L&#x2019;utilisation de ces produits destin&#xE9;es &#xE0; d&#xE9;truire, repousser ou rendre inoffensifs les organismes jug&#xE9;s nuisibles couvre de tr&#xE8;s nombreux domaines d&#x2019;activit&#xE9; (d&#xE9;sinfection, traitement de l&#x2019;eau potable, traitement des surfaces et mat&#xE9;riaux etc.). Parmi les principaux usages grand publics, on retrouve les d&#xE9;sinfectants, les r&#xE9;pulsifs anti-moustiques et les insecticides m&#xE9;nagers.<\/p>\n<p style=\"text-align: justify;\"><strong>De par leur nature m&#xEA;me, ces produits ont un impact sur la sant&#xE9; humaine et l&#x2019;environnement<\/strong>. C&#x2019;est pourquoi leur utilisation est encadr&#xE9;e au niveau europ&#xE9;en par <strong>le R&#xE8;glement 528\/2012, en vigueur depuis 2013.<\/strong> Ce r&#xE8;glement a pour objectif d&#x2019;harmoniser les r&#xE8;gles de mise sur le march&#xE9; au sein de l&#x2019;Union tout en assurant &#x201C;<em>un niveau &#xE9;lev&#xE9; de protection de la sant&#xE9; humaine et animale et de l&#x2019;environnement<\/em>&#x201D;, notamment en se fondant &#xA0;sur le principe de pr&#xE9;caution.<\/p>\n<p id=\"isPasted\"><strong>Une mise en &#x153;uvre du r&#xE8;glement biocide entrav&#xE9;e par un manque chronique de moyens<\/strong><\/p>\n<p style=\"text-align: justify;\"><strong>13 ans apr&#xE8;s son entr&#xE9;e en application<\/strong>, ce r&#xE8;glement fait actuellement l&#x2019;objet d&#x2019;une &#xE9;valuation, incluant une&#xA0;<strong><a href=\"https:\/\/ec.europa.eu\/info\/law\/better-regulation\/have-your-say\/initiatives\/14527-Biocidal-Products-Regulation-evaluation_en\" target=\"_blank\" rel=\"noopener\"><u>consultation du public<\/u><\/a><\/strong>&#xA0;qui s&#x2019;achevait le 5 mars 2026 et &#xE0; laquelle&#xA0;<a href=\"https:\/\/ec.europa.eu\/info\/law\/better-regulation\/have-your-say\/initiatives\/14527-Biocidal-Products-Regulation-evaluation\/F33378044_en\" target=\"_blank\" rel=\"noopener\"><u><strong>G&#xE9;n&#xE9;rations Futures a particip&#xE9;<\/strong><\/u><\/a>.<\/p>\n<p>Nous y pointons les limites des dispositions actuelles ainsi que les difficult&#xE9;s dans la mise en &#x153;uvre du r&#xE8;glement, qui conduisent au non-respect des principes de haute protection de la sant&#xE9; et de l&#x2019;environnement.<\/p>\n<p style=\"text-align: justify;\">Le principal point noir vient du&#xA0;<strong>retard tr&#xE8;s important pris dans le programme d&#x2019;examen des substances actives au niveau europ&#xE9;en&#xA0;<\/strong>: selon la Commission,&#xA0;<strong>en septembre 2025, la moiti&#xE9; (49%) des substances mises sur le march&#xE9; n&#x2019;avaient pas encore &#xE9;t&#xE9; &#xE9;valu&#xE9;es<\/strong>. Les produits contenant ces substances b&#xE9;n&#xE9;ficient d&#x2019;un &#x201C;r&#xE9;gime transitoire&#x201D; leur permettant d&#x2019;&#xEA;tre sur le march&#xE9; sans avoir fait l&#x2019;objet d&#x2019;une &#xE9;valuation compl&#xE8;te selon les exigences du r&#xE8;glement.<\/p>\n<p style=\"text-align: justify;\">Autrement dit,&#xA0;<strong>la tr&#xE8;s grande majorit&#xE9; des produits biocides mis sur le march&#xE9; en Europe ne disposent pas encore d&#x2019;autorisation de mise sur le march&#xE9; (<a class=\"glossaryLink\" aria-describedby=\"tt\" data-cmtooltip=\"&lt;div class=glossaryItemTitle&gt;AMM&lt;\/div&gt;&lt;div class=glossaryItemBody&gt;Autorisation de Mise sur le March&#xE9; (produits pharmaceutiques)&lt;\/div&gt;\" href=\"https:\/\/www.sera.asso.fr\/index.php\/glossaire\/amm\/\" data-gt-translate-attributes='[{\"attribute\":\"data-cmtooltip\", \"format\":\"html\"}]' tabindex=\"0\" role=\"link\">AMM<\/a>) et n&#x2019;ont pas encore fait l&#x2019;objet d&#x2019;une &#xE9;valuation de leur efficacit&#xE9; ou de leur s&#xE9;curit&#xE9; vis-&#xE0;-vis de la sant&#xE9; et de l&#x2019;environnement.<\/strong>&#xA0;Selon les&#xA0;<a href=\"https:\/\/ec.europa.eu\/assets\/sante\/health\/biocides\/reg528_2025\/biocides_reg528_2025_impl-rep_fr_en.pdf\" target=\"_blank\" rel=\"noopener\"><u><strong>chiffres transmis par la France &#xE0; la Commission<\/strong><\/u><\/a>,&#xA0;<strong>cela concernerait en France plus de 20 000 produits<\/strong>&#xA0;(dont une majorit&#xE9; de d&#xE9;sinfectants)<\/p>\n<p id=\"isPasted\">Parmi ces 20 000 produits,&#xA0;<strong>il est &#xE0; craindre que certains d&#x2019;entre eux, notamment les produits &#xE0; base d&#x2019;insecticides, pr&#xE9;sentent des risques inacceptables pour la sant&#xE9; humaine ou l&#x2019;environnement.<\/strong><\/p>\n<p style=\"text-align: justify;\">A titre d&#x2019;exemple, en mai 2025,&#xA0;<strong><a href=\"https:\/\/www.anses.fr\/fr\/content\/analyse-des-resultats-de-lexpertise-collective-de-linserm-sur-les-effets-des-pesticides-sur\" target=\"_blank\" rel=\"noopener\"><u>l&#x2019;Anses &#xE9;mettait une alerte<\/u><\/a>&#xA0;<\/strong>concernant des risques de troubles du comportement chez les enfants en lien avec une exposition pr&#xE9;natale aux pyr&#xE9;thrino&#xEF;des, une famille d&#x2019;insecticides comportant notamment la deltam&#xE9;thrine ou la cypermethrine, encore tr&#xE8;s utilis&#xE9;es pour des usages biocides professionnels et grand public. D&#x2019;apr&#xE8;s la base de donn&#xE9;es&#xA0;<strong><a href=\"https:\/\/biocid-anses.fr\/biocid#\" target=\"_blank\" rel=\"noopener\"><u>biocid<\/u><\/a><\/strong>, le catalogue r&#xE9;pertoriant les produits biocides d&#xE9;clar&#xE9;s sur le march&#xE9; fran&#xE7;ais, sur 905 produits &#xE0; base de cyperm&#xE9;thrine recens&#xE9;s, seuls 75 (8.3%) ont obtenu une <a class=\"glossaryLink\" aria-describedby=\"tt\" data-cmtooltip=\"&lt;div class=glossaryItemTitle&gt;AMM&lt;\/div&gt;&lt;div class=glossaryItemBody&gt;Autorisation de Mise sur le March&#xE9; (produits pharmaceutiques)&lt;\/div&gt;\" href=\"https:\/\/www.sera.asso.fr\/index.php\/glossaire\/amm\/\" data-gt-translate-attributes='[{\"attribute\":\"data-cmtooltip\", \"format\":\"html\"}]' tabindex=\"0\" role=\"link\">AMM<\/a> et ont donc fait l&#x2019;objet d&#x2019;une &#xE9;valuation compl&#xE8;te.<\/p>\n<p style=\"text-align: justify;\"><strong>La principale raison &#xE0; ces retards dans les &#xE9;valuations est tr&#xE8;s bien identifi&#xE9;e par la Commission : il s&#x2019;agit d&#x2019;un manque syst&#xE9;mique de ressources allou&#xE9;es aux autorit&#xE9;s comp&#xE9;tentes de chaque Etat Membre<\/strong>. Ainsi, la solution &#xE0; mettre en &#x153;uvre pour acc&#xE9;l&#xE9;rer le programme d&#x2019;examen est de donner plus de moyens aux Etats membres (correspondant &#xE0; quelques &#xE9;quivalents temps plein par pays). Il serait ainsi possible d&#x2019;acc&#xE9;l&#xE9;rer le programme d&#x2019;examen et de mettre fin au r&#xE9;gime transitoire.<\/p>\n<p id=\"isPasted\"><strong>Pour la Commission europ&#xE9;enne, un pr&#xE9;texte pour proposer des autorisations illimit&#xE9;es dans son projet de loi Omnibus<\/strong><\/p>\n<p style=\"text-align: justify;\">Mais cette solution n&#x2019;est pas celle envisag&#xE9;e par la Commission. Au contraire, celle-ci utilise les retards pris dans les &#xE9;valuations comme pr&#xE9;texte pour proposer dans le <strong>cadre du projet Omnibus X un changement radical dans la fa&#xE7;on dont les substances actives biocides sont &#xE9;valu&#xE9;es<\/strong> : en effet,&#xA0;<strong>comme pour les substances pesticides, il est propos&#xE9; d&#x2019;accorder des autorisation &#xE0; dur&#xE9;e illimit&#xE9;es pour la tr&#xE8;s grande majorit&#xE9; des substances biocides<\/strong>.&#xA0;<strong>G&#xE9;n&#xE9;rations Futures lance donc l&#x2019;alerte&#xA0;<\/strong>sur cet aspect du projet Omnibus, pass&#xE9; relativement inaper&#xE7;u jusqu&#x2019;&#xE0; pr&#xE9;sent. Comme sur le volet pesticides, de nombreuses clarifications sont n&#xE9;cessaires.<\/p>\n<p style=\"text-align: justify;\">En effet,&#xA0;<strong>notre analyse du texte a abouti &#xE0; la conclusion que 34 substances actives biocides actuellement approuv&#xE9;es pour 14 types de produits (TP), correspondant &#xE0; 84 couples substance actives\/type de produit, b&#xE9;n&#xE9;ficieraient au titre de l&#x2019;article 15a d&#x2019;une lev&#xE9;e de la limitation dans le temps de leur approbation<\/strong>&#xA0;&#xE0; l&#x2019;entr&#xE9;e en vigueur de la r&#xE9;forme.&#xA0;<strong>Parmi ces substances, on retrouve notamment des substances class&#xE9;es canc&#xE9;rig&#xE8;nes suspect&#xE9;es comme le penflufen<\/strong>, autoris&#xE9; en TP8 et&#xA0;<strong>l&#x2019;imiprothin<\/strong>&#xA0;en TP18.<\/p>\n<p style=\"text-align: justify;\"><strong>Concernant les conditions pouvant mener au maintien d&#x2019;une proc&#xE9;dure de r&#xE9;examen p&#xE9;riodique de l&#x2019;approbation, le flou est encore plus important que pour les pesticides.<\/strong>&#xA0;D&#x2019;apr&#xE8;s l&#x2019;article 12, qui encadre les renouvellements d&#x2019;approbation, ceux-ci seront illimit&#xE9;s sauf pour les substances candidates &#xE0; la substitution et les substances pour lesquelles &#x201C;une p&#xE9;riode plus courte est sp&#xE9;cifi&#xE9;e&#x201D;. Le crit&#xE8;re actuellement pr&#xE9;sent dans le texte est donc une tautologie : il n&#x2019;y aurait de renouvellement p&#xE9;riodique maintenu&#x2026;que pour les substances pour lesquelles on maintiendrait un renouvellement p&#xE9;riodique, cela en fonction de &#x201C;raisons d&#xFB;ment justifi&#xE9;es&#x201D;. Par qui et comment ? Le texte n&#x2019;en dit rien.<\/p>\n<p style=\"text-align: justify;\">Ce flou est inacceptable et doit absolument &ecirc;tre clarifi&eacute;. Nous esp&eacute;rons que la Commission europ&eacute;enne s&rsquo;en chargera. Dans le cas contraire, il appartient au Conseil de l&rsquo;<a class=\"glossaryLink\"  aria-describedby=\"tt\"  data-cmtooltip=\"&lt;div class=glossaryItemTitle&gt;UE&lt;\/div&gt;&lt;div class=glossaryItemBody&gt;Union Europ&eacute;enne (ou CEE)&lt;\/div&gt;\"  href=\"https:\/\/www.sera.asso.fr\/index.php\/glossaire\/ue\/\"  data-gt-translate-attributes='[{\"attribute\":\"data-cmtooltip\", \"format\":\"html\"}]'  tabindex='0' role='link'>UE<\/a> et au Parlement de le faire.&nbsp;<strong>Dans tous les cas de figure, et jusqu&#x2019;&#xE0; preuve du contraire, G&#xE9;n&#xE9;rations Futures maintient que seule la proc&#xE9;dure de renouvellement p&#xE9;riodique actuellement en vigueur est &#xE0; m&#xEA;me de garantir que le niveau de protection de la sant&#xE9; et de l&#x2019;environnement ne sera pas diminu&#xE9; par la r&#xE9;forme.&#xA0;<\/strong><\/p>\n<p style=\"text-align: justify;\"><strong>Nous appelons &#xE0; renforcer les moyens des agences sanitaires et &#xE0; exiger des industriels qu&#x2019;ils soient plus rigoureux dans la constitution des dossiers&#xA0;<\/strong>qu&#x2019;ils soumettent, qui sont les meilleurs leviers pour r&#xE9;sorber les retards accumul&#xE9;s dans les proc&#xE9;dures en cours.<\/p>\n<p style=\"text-align: justify;\">&#x200B;<strong>Pauline Cervan, toxicologue &#xE0; G&#xE9;n&#xE9;rations Futures<\/strong>, dit : &#xAB;&#xA0;&#xAB;&#xA0;<em>Les biocides ne sont pas des produits anodins : d&#xE9;sinfectants, r&#xE9;pulsifs, insecticides m&#xE9;nagers&#x2026; des millions d&#x2019;Europ&#xE9;ens et d&#x2019;Europ&#xE9;ennes y sont expos&#xE9;s quotidiennement. Accorder des approbations illimit&#xE9;es &#xE0; des substances dont certaines sont suspect&#xE9;es d&#x2019;&#xEA;tre canc&#xE9;rig&#xE8;nes, sans r&#xE9;&#xE9;valuation scientifique p&#xE9;riodique, c&#x2019;est jouer avec la sant&#xE9; publique. Les retards accumul&#xE9;s, dus &#xE0; un manque chronique de moyens, ne peuvent pas servir de pr&#xE9;texte pour abaisser le niveau de protection.&#xA0;&#xBB;<\/em><\/p>\n<p style=\"text-align: justify;\"><br id=\"isPasted\"><strong>Andy Battentier, charg&#xE9; de campagne chez G&#xE9;n&#xE9;rations Futures,<\/strong> ajoute : &#xAB;&#xA0;<em>Supprimer le r&eacute;examen p&eacute;riodique au nom de la simplification administrative serait contraire &agrave; toute d&eacute;marche scientifique s&eacute;rieuse et rigoureuse et une d&eacute;cision qui pourrait &agrave; terme nous co&ucirc;ter cher. La solution est simple : l&rsquo;<a class=\"glossaryLink\"  aria-describedby=\"tt\"  data-cmtooltip=\"&lt;div class=glossaryItemTitle&gt;UE&lt;\/div&gt;&lt;div class=glossaryItemBody&gt;Union Europ&eacute;enne (ou CEE)&lt;\/div&gt;\"  href=\"https:\/\/www.sera.asso.fr\/index.php\/glossaire\/ue\/\"  data-gt-translate-attributes='[{\"attribute\":\"data-cmtooltip\", \"format\":\"html\"}]'  tabindex='0' role='link'>UE<\/a> doit renforcer les moyens des agences sanitaires et exiger des industriels des dossiers complets, en maintenant les exigences de protection en mati&egrave;re de sant&eacute; publique et d&rsquo;environnement. &raquo;<\/em><\/p>\n<\/div>\n<\/div>\n<\/article>\n","protected":false},"excerpt":{"rendered":"<p>Nous rapportons ici les informations transmises par notre partenaire G&#xE9;n&#xE9;rations futures qui nous semblent de la plus haute importance. Produit biocides: Les limites de la r&#xE9;glementation actuelle et les risques &#x2026; <a href=\"https:\/\/www.sera.asso.fr\/index.php\/les-projets-europeens-omnibus-engagent-ils-une-deregulation-des-reglementations\/\" class=\"more-link\">Continuer la lecture de <span class=\"screen-reader-text\">Les projets europ&#xE9;ens Omnibus engagent-ils une d&#xE9;r&#xE9;gulation des r&#xE9;glementations?<\/span> <span class=\"meta-nav\">&#x2192;<\/span><\/a><\/p>\n","protected":false},"author":17,"featured_media":0,"comment_status":"closed","ping_status":"open","sticky":false,"template":"","format":"standard","meta":{"footnotes":""},"categories":[712,181,184,187,192,193,607,195,199,236,198,206,214,212,183,224,194,606,230,232,239,213],"tags":[],"class_list":["post-29671","post","type-post","status-publish","format-standard","hentry","category-actions-judiciaires","category-agriculture_elevage","category-air","category-alimentation","category-alternatives","category-alternatives_societales","category-aspects-reglementaires","category-biodiversite","category-canceri_mutag_reprotox","category-consultation-publique","category-contanimations_chimiques","category-eau","category-epidemiologique","category-etudes_scientifiques","category-ogm_pesticides","category-population_risque","category-posit_citoyen_ong","category-reglementaire","category-vie_quotidienne","category-sols","category-surveillance-sanitaire","category-toxicologique"],"wps_subtitle":"","_links":{"self":[{"href":"https:\/\/www.sera.asso.fr\/index.php\/wp-json\/wp\/v2\/posts\/29671","targetHints":{"allow":["GET"]}}],"collection":[{"href":"https:\/\/www.sera.asso.fr\/index.php\/wp-json\/wp\/v2\/posts"}],"about":[{"href":"https:\/\/www.sera.asso.fr\/index.php\/wp-json\/wp\/v2\/types\/post"}],"author":[{"embeddable":true,"href":"https:\/\/www.sera.asso.fr\/index.php\/wp-json\/wp\/v2\/users\/17"}],"replies":[{"embeddable":true,"href":"https:\/\/www.sera.asso.fr\/index.php\/wp-json\/wp\/v2\/comments?post=29671"}],"version-history":[{"count":5,"href":"https:\/\/www.sera.asso.fr\/index.php\/wp-json\/wp\/v2\/posts\/29671\/revisions"}],"predecessor-version":[{"id":29743,"href":"https:\/\/www.sera.asso.fr\/index.php\/wp-json\/wp\/v2\/posts\/29671\/revisions\/29743"}],"wp:attachment":[{"href":"https:\/\/www.sera.asso.fr\/index.php\/wp-json\/wp\/v2\/media?parent=29671"}],"wp:term":[{"taxonomy":"category","embeddable":true,"href":"https:\/\/www.sera.asso.fr\/index.php\/wp-json\/wp\/v2\/categories?post=29671"},{"taxonomy":"post_tag","embeddable":true,"href":"https:\/\/www.sera.asso.fr\/index.php\/wp-json\/wp\/v2\/tags?post=29671"}],"curies":[{"name":"wp","href":"https:\/\/api.w.org\/{rel}","templated":true}]}}