{"id":25617,"date":"2023-08-04T15:57:10","date_gmt":"2023-08-04T13:57:10","guid":{"rendered":"https:\/\/www.sera.asso.fr\/?p=25617"},"modified":"2023-08-06T12:35:01","modified_gmt":"2023-08-06T10:35:01","slug":"un-rapport-conjoint-ademe-arcep-met-laccent-sur-les-emissions-aux-ges-en-particulier-quant-a-lusage-du-numerique","status":"publish","type":"post","link":"https:\/\/www.sera.asso.fr\/index.php\/un-rapport-conjoint-ademe-arcep-met-laccent-sur-les-emissions-aux-ges-en-particulier-quant-a-lusage-du-numerique\/","title":{"rendered":"Un rapport conjoint Ademe Arcep met l&rsquo;accent sur les \u00e9missions aux GES en particulier quant \u00e0 l&rsquo;usage du num\u00e9rique"},"content":{"rendered":"<p style=\"text-align: justify;\">Dans ce premier semestre l&#x2019;Agence de la transition &#xE9;cologique (Ademe) et l&#x2019;Autorit&#xE9; de r&#xE9;gulation des&#xA0; communications &#xE9;lectroniques, des postes et de la distribution de la presse (Arcep) ont remis au gouvernement leur troisi&#xE8;me et dernier rapport d&#x2019;&#xE9;valuation de l&#x2019;empreinte environnementale du num&#xE9;rique.<\/p>\n<p style=\"text-align: justify;\"><span style=\"font-size: large;\"><b><span class=\"legend\">Selon ce travail d&#x2019;anticipation en 2050 l&#x2019;<\/span><\/b><\/span><span style=\"font-size: large;\"><b><span class=\"legend\">explosion du volume des donn&#xE9;es, la multiplication des usages et la croissance du parc m&#xE8;neraient vers une hausse de 45&#xA0;% des &#xE9;missions de gaz &#xE0; effet de serre.<\/span><\/b><\/span><\/p>\n<p style=\"text-align: justify;\">En effet, si le num&#xE9;rique contribue sous bien des aspects &#xE0; la mise en &#x153;uvre de la transition &#xE9;cologique, son d&#xE9;veloppement engendre &#xE9;galement des impacts, qu&#x2019;il est important de mieux conna&#xEE;tre. L&#x2019;&#xE9;tude montre que, sans action pour limiter la croissance de l&#x2019;impact environnemental du num&#xE9;rique, <span style=\"font-size: large;\"><b>le trafic de donn&#xE9;es serait multipli&#xE9; par 6 et le nombre d&#x2019;&#xE9;quipements serait sup&#xE9;rieur de pr&#xE8;s de 65 % en 2030 par rapport &#xE0; 2020, notamment du fait de l&#x2019;essor des objets connect&#xE9;s, ainsi <\/b><\/span>l&#x2019;empreinte carbone du num&#xE9;rique pourrait tripler entre 2020 et 2050. Elle identifie les leviers d&#x2019;action &#xE0; engager et amplifier d&#xE8;s aujourd&#x2019;hui pour un d&#xE9;veloppement des usages num&#xE9;riques plus sobre en carbone et en ressources.<\/p>\n<p style=\"text-align: justify;\"><span style=\"font-size: large;\"><b>Il en r&#xE9;sulterait des augmentations, entre 2020 et 2030 :<\/b><\/span><\/p>\n<ul style=\"text-align: justify;\">\n<li><span style=\"font-size: large;\"><b>de l&#x2019;empreinte carbone du num&#xE9;rique en France : environ + 45% (pour atteindre 25 Mt CO2eq)<\/b><\/span><\/li>\n<li><span style=\"font-size: large;\"><b>de la consommation de ressources abiotiques (m&#xE9;taux et min&#xE9;raux) : + 14 %<\/b><\/span><\/li>\n<li><span style=\"font-size: large;\"><b>de la consommation &#xE9;lectrique finale en phase d&#x2019;usage : + 5 % (pour atteindre 54 TWh par an).<\/b><\/span><\/li>\n<li class=\"\"><a href=\"https:\/\/www.arcep.fr\/cartes-et-donnees\/nos-publications-chiffrees\/impact-environnemental\/derniers-chiffres.html\" target=\"\" rel=\"noopener\"><span style=\"color: #000000;\"> Plus de d&#xE9;tails vous sont propos&#xE9;s &#xE0; travers les liens propos&#xE9;s<\/span><\/a><\/li>\n<li class=\"\"><a href=\"https:\/\/www.arcep.fr\/cartes-et-donnees\/nos-publications-chiffrees\/impact-environnemental\/derniers-chiffres.html\" target=\"_blank\" rel=\"noopener\"><strong>L&#x2019;enqu&#xEA;te annuelle &#xAB; Pour un num&#xE9;rique soutenable &#xBB; &#x2013; &#xE9;dition 2023<\/strong> <\/a><\/li>\n<li class=\"\"><strong><a href=\"https:\/\/www.arcep.fr\/la-regulation\/grands-dossiers-thematiques-transverses\/lempreinte-environnementale-du-numerique\/etude-ademe-arcep-empreinte-environnemental-numerique-2020-2030-2050.html\" target=\"_blank\" rel=\"noopener\">Etude ADEME &#x2013; Arcep sur l&#x2019;empreinte environnementale du num&#xE9;rique en 2020, 2030 et 2050 <\/a><\/strong><\/li>\n<li class=\"\"><a href=\"https:\/\/www.arcep.fr\/la-regulation\/grands-dossiers-thematiques-transverses\/lempreinte-environnementale-du-numerique\/mesure-impact-environnemental-numerique.html\" target=\"_blank\" rel=\"noopener\"><strong> Mesure de l&#x2019;impact environnemental du num&#xE9;rique Une analyse m&#xE9;thodologique des &#xE9;tudes mesurant l&#x2019;impact environnemental du num&#xE9;rique<\/strong> <\/a><\/li>\n<li class=\"\"><strong><a href=\"https:\/\/www.arcep.fr\/la-regulation\/grands-dossiers-thematiques-transverses\/lempreinte-environnementale-du-numerique\/plateforme-de-travail-pour-un-numerique-soutenable.html\" target=\"_blank\" rel=\"noopener\">Plateforme de travail pour un num&#xE9;rique soutenable <\/a><\/strong><\/li>\n<\/ul>\n<p style=\"text-align: justify;\">\n<\/p>","protected":false},"excerpt":{"rendered":"<p>Dans ce premier semestre l&#x2019;Agence de la transition &#xE9;cologique (Ademe) et l&#x2019;Autorit&#xE9; de r&#xE9;gulation des&#xA0; communications &#xE9;lectroniques, des postes et de la distribution de la presse (Arcep) ont remis au &#x2026; <a href=\"https:\/\/www.sera.asso.fr\/index.php\/un-rapport-conjoint-ademe-arcep-met-laccent-sur-les-emissions-aux-ges-en-particulier-quant-a-lusage-du-numerique\/\" class=\"more-link\">Continuer la lecture de <span class=\"screen-reader-text\">Un rapport conjoint Ademe Arcep met l&#x2019;accent sur les &#xE9;missions aux GES en particulier quant &#xE0; l&#x2019;usage du num&#xE9;rique<\/span> <span class=\"meta-nav\">&#x2192;<\/span><\/a><\/p>\n","protected":false},"author":17,"featured_media":0,"comment_status":"closed","ping_status":"open","sticky":false,"template":"","format":"standard","meta":{"footnotes":""},"categories":[184,192,193,202,220,209,221,212,614,229,514,231,227,230,239,219],"tags":[],"class_list":["post-25617","post","type-post","status-publish","format-standard","hentry","category-air","category-alternatives","category-alternatives_societales","category-dechets","category-ecrans_jeux_videos","category-energies","category-environnement_industriel","category-etudes_scientifiques","category-modes-de-comportement","category-non_ionisants","category-publications","category-rapport_eco","category-rayonnements","category-vie_quotidienne","category-surveillance-sanitaire","category-technologies"],"wps_subtitle":"","_links":{"self":[{"href":"https:\/\/www.sera.asso.fr\/index.php\/wp-json\/wp\/v2\/posts\/25617","targetHints":{"allow":["GET"]}}],"collection":[{"href":"https:\/\/www.sera.asso.fr\/index.php\/wp-json\/wp\/v2\/posts"}],"about":[{"href":"https:\/\/www.sera.asso.fr\/index.php\/wp-json\/wp\/v2\/types\/post"}],"author":[{"embeddable":true,"href":"https:\/\/www.sera.asso.fr\/index.php\/wp-json\/wp\/v2\/users\/17"}],"replies":[{"embeddable":true,"href":"https:\/\/www.sera.asso.fr\/index.php\/wp-json\/wp\/v2\/comments?post=25617"}],"version-history":[{"count":5,"href":"https:\/\/www.sera.asso.fr\/index.php\/wp-json\/wp\/v2\/posts\/25617\/revisions"}],"predecessor-version":[{"id":25621,"href":"https:\/\/www.sera.asso.fr\/index.php\/wp-json\/wp\/v2\/posts\/25617\/revisions\/25621"}],"wp:attachment":[{"href":"https:\/\/www.sera.asso.fr\/index.php\/wp-json\/wp\/v2\/media?parent=25617"}],"wp:term":[{"taxonomy":"category","embeddable":true,"href":"https:\/\/www.sera.asso.fr\/index.php\/wp-json\/wp\/v2\/categories?post=25617"},{"taxonomy":"post_tag","embeddable":true,"href":"https:\/\/www.sera.asso.fr\/index.php\/wp-json\/wp\/v2\/tags?post=25617"}],"curies":[{"name":"wp","href":"https:\/\/api.w.org\/{rel}","templated":true}]}}