{"id":22257,"date":"2021-08-22T19:34:39","date_gmt":"2021-08-22T17:34:39","guid":{"rendered":"https:\/\/www.sera.asso.fr\/?p=22257"},"modified":"2021-09-11T02:28:49","modified_gmt":"2021-09-11T00:28:49","slug":"quelques-donnees-de-sante-publique-en-france-pour-lannee-2020","status":"publish","type":"post","link":"https:\/\/www.sera.asso.fr\/index.php\/quelques-donnees-de-sante-publique-en-france-pour-lannee-2020\/","title":{"rendered":"Quelques donn\u00e9es de sant\u00e9 publique en France pour l&rsquo;ann\u00e9e 2020"},"content":{"rendered":"<p style=\"text-align: justify;\">Certes nous savons bien que la Covid 19 a occup&#xE9; et occupent majoritairement nos responsables institutionnels et on le comprend.<\/p>\n<p style=\"text-align: justify;\">Cependant bien d&#x2019;autres pathologies sont depuis ce d&#xE9;but 2019 occult&#xE9;es et pourtant les malades sont bien pr&#xE9;sents&#xA0; et trop souvent d&#xE9;laiss&#xE9;s par manque de disponibilit&#xE9; des soignants, aussi quelques petits rappels s&#x2019;imposent.<\/p>\n<p style=\"text-align: justify;\">En France on&#xA0; compte par an 140 000 d&#xE9;c&#xE8;s&#xA0; dues &#xE0; des maladies dites de civilisation: ob&#xE9;sit&#xE9;, manque d&#x2019;exercice, environnement , stress, tabac, alcool etc., pr&#xE9;s de 50 000 avec la pollution atmosph&#xE9;rique , 157 000 par cancers, et&#xA0; 150 000 par accidents cardiovasculaires .<\/p>\n<p style=\"text-align: justify;\">En France en 2020, ce sont&#xA0; 669 000 d&#xE9;c&#xE8;s qui ont &#xE9;t&#xE9; enregistr&#xE9;s, soit 9 % de plus qu&#x2019;en 2018( 609 648) ou 2019 ( 613 243). Sous r&#xE9;serve de r&#xE9;&#xE9;valuation ult&#xE9;rieure, l&#x2019;exc&#xE9;dent de <strong>mortalit&#xE9; pour l&#x2019;ann&#xE9;e<\/strong>, toutes causes confondues, s&#x2019;&#xE9;tablit &#xE0; 53 900 morts.<\/p>\n<p style=\"text-align: justify;\">Pour exemple l&#x2019;&#xE9;pid&#xE9;mie de l&#x2019;hiver 2017-2018, on a compt&#xE9; par exemple 14 400 morts dus seulement &#xE0; la grippe&#xA0; selon Sant&#xE9; Publique France.<\/p>\n<p style=\"text-align: justify;\">Et n&#x2019;oublions pas en cette ann&#xE9;e 2020, le nombre de d&#xE9;pressions qui &#xAB; a &#xE9;t&#xE9; multipli&#xE9; par deux : en 2017 on recensait 10% de malades souffrant de d&#xE9;pression ; on atteint&#xA0; 21 % aujourd&#x2019;hui en 2021. Le taux d&#x2019;anxi&#xE9;t&#xE9; est pass&#xE9; de 13,5% en 2017 &#xE0; 27% en 2020. 63 % des personnes souffrant de solitude ont eu des pens&#xE9;es suicidaires. &#xBB;<\/p>\n<p><strong><a href=\"https:\/\/www.insee.fr\/fr\/statistiques\/2383440\" target=\"_blank\" rel=\"noopener\">D&#xE9;c&#xE8;s et taux de mortalit&#xE9; | Insee<\/a><\/strong><\/p>\n<p>&#xA0;<\/p>\n","protected":false},"excerpt":{"rendered":"<p>Certes nous savons bien que la Covid 19 a occup&#xE9; et occupent majoritairement nos responsables institutionnels et on le comprend. Cependant bien d&#x2019;autres pathologies sont depuis ce d&#xE9;but 2019 occult&#xE9;es &#x2026; <a href=\"https:\/\/www.sera.asso.fr\/index.php\/quelques-donnees-de-sante-publique-en-france-pour-lannee-2020\/\" class=\"more-link\">Continuer la lecture de <span class=\"screen-reader-text\">Quelques donn&#xE9;es de sant&#xE9; publique en France pour l&#x2019;ann&#xE9;e 2020<\/span> <span class=\"meta-nav\">&#x2192;<\/span><\/a><\/p>\n","protected":false},"author":17,"featured_media":0,"comment_status":"closed","ping_status":"open","sticky":false,"template":"","format":"standard","meta":{"footnotes":""},"categories":[181,184,187,192,193,641,198,206,214,212,614,635,223,230,213],"tags":[],"class_list":["post-22257","post","type-post","status-publish","format-standard","hentry","category-agriculture_elevage","category-air","category-alimentation","category-alternatives","category-alternatives_societales","category-contamination-infectieuse","category-contanimations_chimiques","category-eau","category-epidemiologique","category-etudes_scientifiques","category-modes-de-comportement","category-offre-de-soins","category-pharmacovigilance_produits_vaccins","category-vie_quotidienne","category-toxicologique"],"wps_subtitle":"","_links":{"self":[{"href":"https:\/\/www.sera.asso.fr\/index.php\/wp-json\/wp\/v2\/posts\/22257","targetHints":{"allow":["GET"]}}],"collection":[{"href":"https:\/\/www.sera.asso.fr\/index.php\/wp-json\/wp\/v2\/posts"}],"about":[{"href":"https:\/\/www.sera.asso.fr\/index.php\/wp-json\/wp\/v2\/types\/post"}],"author":[{"embeddable":true,"href":"https:\/\/www.sera.asso.fr\/index.php\/wp-json\/wp\/v2\/users\/17"}],"replies":[{"embeddable":true,"href":"https:\/\/www.sera.asso.fr\/index.php\/wp-json\/wp\/v2\/comments?post=22257"}],"version-history":[{"count":3,"href":"https:\/\/www.sera.asso.fr\/index.php\/wp-json\/wp\/v2\/posts\/22257\/revisions"}],"predecessor-version":[{"id":22313,"href":"https:\/\/www.sera.asso.fr\/index.php\/wp-json\/wp\/v2\/posts\/22257\/revisions\/22313"}],"wp:attachment":[{"href":"https:\/\/www.sera.asso.fr\/index.php\/wp-json\/wp\/v2\/media?parent=22257"}],"wp:term":[{"taxonomy":"category","embeddable":true,"href":"https:\/\/www.sera.asso.fr\/index.php\/wp-json\/wp\/v2\/categories?post=22257"},{"taxonomy":"post_tag","embeddable":true,"href":"https:\/\/www.sera.asso.fr\/index.php\/wp-json\/wp\/v2\/tags?post=22257"}],"curies":[{"name":"wp","href":"https:\/\/api.w.org\/{rel}","templated":true}]}}