{"id":2154,"date":"2012-09-19T13:34:36","date_gmt":"2012-09-19T11:34:36","guid":{"rendered":"https:\/\/www.sera.asso.fr\/?p=2154"},"modified":"2012-09-30T08:52:12","modified_gmt":"2012-09-30T06:52:12","slug":"nouvelle-etude-inserm-sur-le-chlordecone-pesticide-surtout-employe-aux-antilles","status":"publish","type":"post","link":"https:\/\/www.sera.asso.fr\/index.php\/nouvelle-etude-inserm-sur-le-chlordecone-pesticide-surtout-employe-aux-antilles\/","title":{"rendered":"Nouvelle \u00e9tude INSERM sur le chlord\u00e9cone (pesticide surtout employ\u00e9 aux Antilles)"},"content":{"rendered":"<p><strong>Les effets n&#xE9;gatifs du chlord&#xE9;cone sur les nourrissons<\/strong><\/p>\n<p style=\"text-align: justify;\">Une &#xE9;tude de l&#x2019;Inserm, dirig&#xE9;e par Sylvaine Cordier (Rennes) et Luc Multigner (Pointe-&#xE0;-Pitre) et publi&#xE9;e dans la revue Environnemental Research, r&#xE9;v&#xE8;le que &#xAB;<em>&#xA0;l&#x2019;exposition au chlord&#xE9;cone pr&#xE9;natale &#x2013; et de fa&#xE7;on moins significative, post-natale par le biais de l&#x2019;alimentation &#x2013; est associ&#xE9;e &#xE0; des effets n&#xE9;gatifs sur<strong> le d&#xE9;veloppement cognitif et moteur des nourrissons<\/strong>&#xA0;<\/em>&#xBB;, r&#xE9;v&#xE8;lent l&#x2019;AFP, Le Monde, Le Figaro et France Inter.<\/p>\n<p style=\"text-align: justify;\">L&#x2019;&#xE9;tude a &#xE9;t&#xE9; men&#xE9;e aupr&#xE8;s d&#x2019;&#xAB;<em>un groupe de 1&#xA0;042 femmes suivies avec leurs enfants depuis leur grossesse qui a eu lieu au cours de la p&#xE9;riode 2005-2007<\/em>&#xA0;&#xBB;, explique l&#x2019;agence de presse.<\/p>\n<p style=\"text-align: justify;\">153 enfants ont &#xE9;t&#xE9; suivis jusqu&#x2019;&#xE0; l&#x2019;&#xE2;ge de 7 mois et de l&#xE9;gers d&#xE9;ficits psychomoteurs ont &#xE9;t&#xE9; constat&#xE9;s. L&#x2019;&#xE9;tude souligne que, dans 56% des cas, du chlord&#xE9;cone a &#xE9;t&#xE9; d&#xE9;couvert dans le sang du cordon ombilical et 77% dans le lait maternel. Selon les deux auteurs de l&#x2019;&#xE9;tude, &#xAB;&#xA0;<em>les doses sont tr&#xE8;s faibles, mais ce n&#x2019;est pas anodin&#xA0;<\/em>&#xBB;.<\/p>\n<p style=\"text-align: justify;\">Les chercheurs de l&#x2019;Inserm ont collabor&#xE9; avec des chercheurs qu&#xE9;b&#xE9;cois, belges et am&#xE9;ricains dans le cadre de cette &#xE9;tude.<strong> Le chlord&#xE9;cone est un pesticide qui a &#xE9;t&#xE9; massivement employ&#xE9; de 1972 &#xE0; 1993 (date de son interdiction) dans les plantations de bananes aux Antilles fran&#xE7;aises et son utilisation a provoqu&#xE9; une pollution permanente des sols et une contamination de la population, explique notamment l&#x2019;AFP<\/strong>.<\/p>\n<p style=\"text-align: justify;\">(AFP, France Inter, 17\/09, Le Monde, <strong><span style=\"color: #0000ff;\"><a href=\"http:\/\/sante.lefigaro.fr\/actualite\/2012\/09\/17\/19069-mefaits-chlordecone-averes-chez-nourrissons\" target=\"_blank\"><span style=\"color: #0000ff;\">Le Figaro<\/span><\/a><\/span><\/strong>, 18\/09, <span style=\"color: #0000ff;\"><strong><a title=\"Reprise du communiqu&#xE9; de presse : Impact de l&#x2019;exposition au chlord&#xE9;cone sur le d&#xE9;veloppement des nourrissons\" href=\"http:\/\/www.inserm.fr\/espace-journalistes\/impact-de-l-exposition-au-chlordecone-sur-le-developpement-des-nourrissons%20\" target=\"_blank\"><span style=\"color: #0000ff;\">Reprise du communiqu&#xE9; de presse&#xA0;: Impact de l&#x2019;exposition au chlord&#xE9;cone sur le d&#xE9;veloppement des nourrissons<\/span><\/a><\/strong><\/span>, du 17\/09)<\/p>\n","protected":false},"excerpt":{"rendered":"<p>Les effets n&#xE9;gatifs du chlord&#xE9;cone sur les nourrissons Une &#xE9;tude de l&#x2019;Inserm, dirig&#xE9;e par Sylvaine Cordier (Rennes) et Luc Multigner (Pointe-&#xE0;-Pitre) et publi&#xE9;e dans la revue Environnemental Research, r&#xE9;v&#xE8;le que &#x2026; <a href=\"https:\/\/www.sera.asso.fr\/index.php\/nouvelle-etude-inserm-sur-le-chlordecone-pesticide-surtout-employe-aux-antilles\/\" class=\"more-link\">Continuer la lecture de <span class=\"screen-reader-text\">Nouvelle &#xE9;tude INSERM sur le chlord&#xE9;cone (pesticide surtout employ&#xE9; aux Antilles)<\/span> <span class=\"meta-nav\">&#x2192;<\/span><\/a><\/p>\n","protected":false},"author":17,"featured_media":0,"comment_status":"closed","ping_status":"open","sticky":false,"template":"","format":"standard","meta":{"footnotes":""},"categories":[1],"tags":[],"class_list":["post-2154","post","type-post","status-publish","format-standard","hentry","category-non-classe"],"wps_subtitle":"","_links":{"self":[{"href":"https:\/\/www.sera.asso.fr\/index.php\/wp-json\/wp\/v2\/posts\/2154","targetHints":{"allow":["GET"]}}],"collection":[{"href":"https:\/\/www.sera.asso.fr\/index.php\/wp-json\/wp\/v2\/posts"}],"about":[{"href":"https:\/\/www.sera.asso.fr\/index.php\/wp-json\/wp\/v2\/types\/post"}],"author":[{"embeddable":true,"href":"https:\/\/www.sera.asso.fr\/index.php\/wp-json\/wp\/v2\/users\/17"}],"replies":[{"embeddable":true,"href":"https:\/\/www.sera.asso.fr\/index.php\/wp-json\/wp\/v2\/comments?post=2154"}],"version-history":[{"count":8,"href":"https:\/\/www.sera.asso.fr\/index.php\/wp-json\/wp\/v2\/posts\/2154\/revisions"}],"predecessor-version":[{"id":2159,"href":"https:\/\/www.sera.asso.fr\/index.php\/wp-json\/wp\/v2\/posts\/2154\/revisions\/2159"}],"wp:attachment":[{"href":"https:\/\/www.sera.asso.fr\/index.php\/wp-json\/wp\/v2\/media?parent=2154"}],"wp:term":[{"taxonomy":"category","embeddable":true,"href":"https:\/\/www.sera.asso.fr\/index.php\/wp-json\/wp\/v2\/categories?post=2154"},{"taxonomy":"post_tag","embeddable":true,"href":"https:\/\/www.sera.asso.fr\/index.php\/wp-json\/wp\/v2\/tags?post=2154"}],"curies":[{"name":"wp","href":"https:\/\/api.w.org\/{rel}","templated":true}]}}