{"id":15544,"date":"2018-06-22T17:06:39","date_gmt":"2018-06-22T15:06:39","guid":{"rendered":"https:\/\/www.sera.asso.fr\/?p=15544"},"modified":"2018-06-22T17:06:39","modified_gmt":"2018-06-22T15:06:39","slug":"communique-de-presse-de-generations-futures-a-propos-du-glyphosate","status":"publish","type":"post","link":"https:\/\/www.sera.asso.fr\/index.php\/communique-de-presse-de-generations-futures-a-propos-du-glyphosate\/","title":{"rendered":"Communiqu\u00e9 de presse de G\u00e9n\u00e9rations futures \u00e0 propos du Glyphosate"},"content":{"rendered":"<p style=\"text-align: justify;\">Ce jour&#xA0; se sont r&#xE9;unis les acteurs de la fili&#xE8;re agricole &#xE0; propos des alternatives au Glyphosate, rappelons que lors des &#xE9;tats g&#xE9;n&#xE9;raux de l&#x2019;alimentation ceux ci&#xA0; avaient d&#xE9;j&#xE0; pris une place importante et que les <a class=\"glossaryLink\" aria-describedby=\"tt\" data-cmtooltip=\"&lt;div class=glossaryItemTitle&gt;ONG&lt;\/div&gt;&lt;div class=glossaryItemBody&gt;Organisation Non Gouvernementale&lt;\/div&gt;\" href=\"https:\/\/www.sera.asso.fr\/index.php\/glossaire\/ong\/\" data-gt-translate-attributes='[{\"attribute\":\"data-cmtooltip\", \"format\":\"html\"}]' tabindex=\"0\" role=\"link\">ONG<\/a> repr&#xE9;sentant les consommateurs n&#x2019;avaient gu&#xE8;re &#xE9;t&#xE9; entendues, cette fois&#xA0; nous n&#x2019;&#xE9;tions pas convi&#xE9;s!<\/p>\n<p style=\"text-align: justify;\">&#xA0;C&#x2019;est pourquoi notre partenaire G&#xE9;n&#xE9;rations Futures a ,et nous le soutenons fait para&#xEE;tre le communiqu&#xE9; suivant:<\/p>\n<p style=\"text-align: justify;\"><strong>Les ministres de l&#x2019;Ecologie, Nicolas Hulot, et de l&#x2019;Agriculture St&#xE9;phane Travert ont rencontr&#xE9; ce jour les acteurs de la fili&#xE8;re agricole pour &#xE9;voquer la sortie du glyphosate en 3 ans.<\/strong><\/p>\n<p style=\"text-align: justify;\"><strong>&#xA0;Outre le fait que les associations environnementales, pourtant tr&#xE8;s impliqu&#xE9;es sur ce dossier, n&#x2019;aient pas &#xE9;t&#xE9; associ&#xE9;es &#xE0; cet &#xE9;change, G&#xE9;n&#xE9;rations Futures d&#xE9;plore que la sortie du glyphosate ne soit pas inscrite dans la loi d&#xE8;s &#xE0; pr&#xE9;sent,<\/strong>&#xA0;comme cela est attendu par des milliers de citoyens et fut port&#xE9; par des d&#xE9;put&#xE9;s dont certains de la majorit&#xE9; pr&#xE9;sidentielle. Cette inscription dans la loi ferait gagner un temps pr&#xE9;cieux &#xE0; tous.<\/p>\n<p style=\"text-align: justify;\">En outre, notre association souhaiterait que ce plan de sortie du glyphosate s&#x2019;applique &#xE0; l&#x2019;ensemble des pesticides pr&#xE9;occupants car ces mol&#xE9;cules posent de vrais probl&#xE8;mes de sant&#xE9; et impactent durablement notre environnement. Rappelons que dans son&#xA0;<a href=\"https:\/\/www.generations-futures.fr\/actualites\/rapport-lutilisation-pesticides\/\"><strong>rapport&#xA0;<\/strong><\/a>sorti en d&#xE9;cembre 2017, l&#x2019;Inspection g&#xE9;n&#xE9;rale des affaires sociales (<a class=\"glossaryLink\" aria-describedby=\"tt\" data-cmtooltip=\"&lt;div class=glossaryItemTitle&gt;IGAS&lt;\/div&gt;&lt;div class=glossaryItemBody&gt;Inspection G&#xE9;n&#xE9;rale des Affaires Sociales&lt;\/div&gt;\" href=\"https:\/\/www.sera.asso.fr\/index.php\/glossaire\/igas\/\" data-gt-translate-attributes='[{\"attribute\":\"data-cmtooltip\", \"format\":\"html\"}]' tabindex=\"0\" role=\"link\">IGAS<\/a>)&#xA0;&#xA0;reconnaissait&#xA0;<strong>que les enjeux li&#xE9;s aux pesticides\/sant&#xE9; et environnement&#xA0;sont majeurs<\/strong>&#xA0;et pr&#xE9;conisait entre autre le retrait du march&#xE9; des pesticides pr&#xE9;occupants avec la mise en place d&#x2019;une<strong>&#xA0;trajectoire de r&#xE9;duction de l&#x2019;utilisation des pesticides au moyen d&#x2019;objectifs interm&#xE9;diaires.<\/strong><\/p>\n<p style=\"text-align: justify;\">&#xA0;Or<strong>&#xA0;force est de constater que la loi Agriculture et Alimentation ainsi que le plan pesticides ou encore les plans de fili&#xE8;res qui nous sont propos&#xE9;s &#xE0; l&#x2019;heure actuelle sont bien loin des ambitions affich&#xE9;es et des orientations propos&#xE9;es<\/strong>&#xA0;dans ce rapport de l&#x2019;Igas.<\/p>\n<p style=\"text-align: justify;\">&#xA0;&#xAB;&#xA0;<strong><em>Confier aux fili&#xE8;res le soin de sortie du glyphosate nous para&#xEE;t hasardeux car actuellement rien d&#x2019;ambitieux sur ce point ne se trouve dans les plans<\/em><\/strong><em>&#xA0;(actuellement dans les plans de fili&#xE8;res, il n&#x2019;est pas fait r&#xE9;f&#xE9;rence &#xE0; cette question des pesticides) et l&#x2019;exp&#xE9;rience d&#x2019;Ecophyto nous a d&#xE9;montr&#xE9; que s&#x2019;appuyer uniquement sur la volont&#xE9; des fili&#xE8;res pour r&#xE9;duire l&#x2019;usage des pesticides &#xE9;tait vou&#xE9; &#xE0; l&#x2019;&#xE9;chec<\/em>.&#xA0;&#xBB; d&#xE9;clare Fran&#xE7;ois Veillerette, directeur de G&#xE9;n&#xE9;rations Futures.<\/p>\n<p style=\"text-align: justify;\">&#xAB;&#xA0;<em>Il faut donc que le Gouvernement impose une volont&#xE9; politique claire&#xA0;&#x2013; transcrite dans la loi ou dans tout cadre r&#xE9;glementaire contraignant &#x2013; et des orientations ambitieuses,&#xA0;<strong>le tout coupl&#xE9; &#xE0; des financements ad&#xE9;quats pour tendre vers une modification en profondeur de notre syst&#xE8;me agricole<\/strong><\/em>.&#xA0;&#xBB; conclut-il.<\/p>\n<p><a href=\"https:\/\/www.generations-futures.fr\/actualites\/rapport-lutilisation-pesticides\/\">https:\/\/www.generations-futures.fr\/actualites\/rapport-lutilisation-pesticides\/<\/a><\/p>\n<p><strong>&#xA0;<\/strong><\/p>\n","protected":false},"excerpt":{"rendered":"<p>Ce jour&#xA0; se sont r&#xE9;unis les acteurs de la fili&#xE8;re agricole &#xE0; propos des alternatives au Glyphosate, rappelons que lors des &#xE9;tats g&#xE9;n&#xE9;raux de l&#x2019;alimentation ceux ci&#xA0; avaient d&#xE9;j&#xE0; pris &#x2026; <a href=\"https:\/\/www.sera.asso.fr\/index.php\/communique-de-presse-de-generations-futures-a-propos-du-glyphosate\/\" class=\"more-link\">Continuer la lecture de <span class=\"screen-reader-text\">Communiqu&#xE9; de presse de G&#xE9;n&#xE9;rations futures &#xE0; propos du Glyphosate<\/span> <span class=\"meta-nav\">&#x2192;<\/span><\/a><\/p>\n","protected":false},"author":17,"featured_media":0,"comment_status":"closed","ping_status":"open","sticky":false,"template":"","format":"standard","meta":{"footnotes":""},"categories":[181,184,187,192,195,254,198,206,214,212,231,230,232],"tags":[],"class_list":["post-15544","post","type-post","status-publish","format-standard","hentry","category-agriculture_elevage","category-air","category-alimentation","category-alternatives","category-biodiversite","category-contamination-chimique","category-contanimations_chimiques","category-eau","category-epidemiologique","category-etudes_scientifiques","category-rapport_eco","category-vie_quotidienne","category-sols"],"wps_subtitle":"","_links":{"self":[{"href":"https:\/\/www.sera.asso.fr\/index.php\/wp-json\/wp\/v2\/posts\/15544","targetHints":{"allow":["GET"]}}],"collection":[{"href":"https:\/\/www.sera.asso.fr\/index.php\/wp-json\/wp\/v2\/posts"}],"about":[{"href":"https:\/\/www.sera.asso.fr\/index.php\/wp-json\/wp\/v2\/types\/post"}],"author":[{"embeddable":true,"href":"https:\/\/www.sera.asso.fr\/index.php\/wp-json\/wp\/v2\/users\/17"}],"replies":[{"embeddable":true,"href":"https:\/\/www.sera.asso.fr\/index.php\/wp-json\/wp\/v2\/comments?post=15544"}],"version-history":[{"count":1,"href":"https:\/\/www.sera.asso.fr\/index.php\/wp-json\/wp\/v2\/posts\/15544\/revisions"}],"predecessor-version":[{"id":15545,"href":"https:\/\/www.sera.asso.fr\/index.php\/wp-json\/wp\/v2\/posts\/15544\/revisions\/15545"}],"wp:attachment":[{"href":"https:\/\/www.sera.asso.fr\/index.php\/wp-json\/wp\/v2\/media?parent=15544"}],"wp:term":[{"taxonomy":"category","embeddable":true,"href":"https:\/\/www.sera.asso.fr\/index.php\/wp-json\/wp\/v2\/categories?post=15544"},{"taxonomy":"post_tag","embeddable":true,"href":"https:\/\/www.sera.asso.fr\/index.php\/wp-json\/wp\/v2\/tags?post=15544"}],"curies":[{"name":"wp","href":"https:\/\/api.w.org\/{rel}","templated":true}]}}