{"id":13577,"date":"2017-09-05T22:53:13","date_gmt":"2017-09-05T20:53:13","guid":{"rendered":"https:\/\/www.sera.asso.fr\/?p=13577"},"modified":"2017-09-10T14:48:45","modified_gmt":"2017-09-10T12:48:45","slug":"un-poste-de-haut-commissaire-a-less-designe-par-decret","status":"publish","type":"post","link":"https:\/\/www.sera.asso.fr\/index.php\/un-poste-de-haut-commissaire-a-less-designe-par-decret\/","title":{"rendered":"Un poste de haut commissaire \u00e0 l&rsquo;ESS d\u00e9sign\u00e9 par d\u00e9cret"},"content":{"rendered":"<div class=\"articlemotClef\"><\/div>\n<div class=\"corpsPageArticle\">\n<div class=\"articleImage\">\n<p><img decoding=\"async\" src=\"http:\/\/www.journaldelenvironnement.net\/mediatheque\/9\/2\/4\/000022429_5.jpg\" alt=\"Le haut-commissaire pour l'ESS a &#xE9;t&#xE9; cr&#xE9;&#xE9; par un d&#xE9;cret publi&#xE9; ce 5 septembre au JO\"\/><\/p>\n<div class=\"color909090 regular9px ie6width150\"><\/div>\n<\/div>\n<p style=\"text-align: justify;\"><strong>Nicolas Hulot a cr&#xE9;&#xE9; un poste de haut-commissaire &#xE0; l&#x2019;&#xE9;conomie sociale et solidaire (ESS) et &#xE0; l&#x2019;innovation sociale, selon <\/strong><a href=\"https:\/\/www.legifrance.gouv.fr\/affichTexte.do?cidTexte=JORFTEXT000035505309&amp;fastPos=2&amp;fastReqId=1607614810&amp;categorieLien=id&amp;oldAction=rechTexte\" target=\"_blank\" rel=\"noopener\"><strong>un d&#xE9;cret<\/strong><\/a><strong> publi&#xE9; ce 5 septembre 2017 au <em>JO<\/em>. <\/strong><\/p>\n<p><strong>Extrait : <\/strong>Quatre missions sont attribu&#xE9;es &#xE0; ce nouveau poste, dont le titulaire n&#x2019;est pas encore nomm&#xE9;.<\/p>\n<\/div>\n<div style=\"text-align: justify;\">Il est cr&#xE9;&#xE9; un haut-commissaire &#xE0; l&#x2019;&#xE9;conomie sociale et solidaire et &#xE0; l&#x2019;innovation sociale plac&#xE9; aupr&#xE8;s du ministre d&#x2019;Etat, ministre de la transition &#xE9;cologique et solidaire.<br>\nIl exerce les attributions interminist&#xE9;rielles suivantes :<br>\n1&#xB0; Il anime et coordonne l&#x2019;action des diff&#xE9;rents minist&#xE8;res en mati&#xE8;re d&#x2019;&#xE9;conomie sociale et solidaire et d&#x2019;innovation sociale ;<br>\n2&#xB0; Il coordonne l&#x2019;ensemble des actions des minist&#xE8;res dans leurs relations avec les collectivit&#xE9;s publiques et les repr&#xE9;sentants des entreprises de l&#x2019;&#xE9;conomie sociale et solidaire relatives &#xE0; la promotion et au d&#xE9;veloppement de l&#x2019;&#xE9;conomie sociale et solidaire et de l&#x2019;innovation sociale ;<br>\n3&#xB0; Il repr&#xE9;sente la France dans les instances europ&#xE9;ennes et internationales comp&#xE9;tentes en ce domaine ;<br>\n4&#xB0; Il promeut les modes d&#x2019;entreprendre et de d&#xE9;veloppement &#xE9;conomique remplissant les conditions d&#xE9;finies &#xE0; l<strong>&#x2018;<\/strong><a href=\"https:\/\/www.legifrance.gouv.fr\/affichTexteArticle.do?cidTexte=JORFTEXT000029313296&amp;idArticle=JORFARTI000029313536&amp;categorieLien=cid\" target=\"_blank\" rel=\"eli:cites noopener\"><strong>article 1er de la loi n&#xB0; 2014-856 susvis&#xE9;e<\/strong><\/a>.<\/div>\n<div style=\"text-align: justify;\">\nIl rend compte de ses travaux au ministre charg&#xE9; de l&#x2019;&#xE9;conomie sociale et solidaire et au ministre charg&#xE9; des solidarit&#xE9;s. Il en informe les autres ministres concern&#xE9;s, soit de sa propre initiative, soit &#xE0; leur demande.<\/div>\n<div style=\"text-align: justify;\">https:\/\/www.legifrance.gouv.fr<\/div>\n","protected":false},"excerpt":{"rendered":"<p>Nicolas Hulot a cr&#xE9;&#xE9; un poste de haut-commissaire &#xE0; l&#x2019;&#xE9;conomie sociale et solidaire (ESS) et &#xE0; l&#x2019;innovation sociale, selon un d&#xE9;cret publi&#xE9; ce 5 septembre 2017 au JO. Extrait : &#x2026; <a href=\"https:\/\/www.sera.asso.fr\/index.php\/un-poste-de-haut-commissaire-a-less-designe-par-decret\/\" class=\"more-link\">Continuer la lecture de <span class=\"screen-reader-text\">Un poste de haut commissaire &#xE0; l&#x2019;ESS d&#xE9;sign&#xE9; par d&#xE9;cret<\/span> <span class=\"meta-nav\">&#x2192;<\/span><\/a><\/p>\n","protected":false},"author":17,"featured_media":0,"comment_status":"closed","ping_status":"open","sticky":false,"template":"","format":"standard","meta":{"footnotes":""},"categories":[192,193,215,216],"tags":[440],"class_list":["post-13577","post","type-post","status-publish","format-standard","hentry","category-alternatives","category-alternatives_societales","category-decisions_politiques_reglementation","category-nationale","tag-ess"],"wps_subtitle":"","_links":{"self":[{"href":"https:\/\/www.sera.asso.fr\/index.php\/wp-json\/wp\/v2\/posts\/13577","targetHints":{"allow":["GET"]}}],"collection":[{"href":"https:\/\/www.sera.asso.fr\/index.php\/wp-json\/wp\/v2\/posts"}],"about":[{"href":"https:\/\/www.sera.asso.fr\/index.php\/wp-json\/wp\/v2\/types\/post"}],"author":[{"embeddable":true,"href":"https:\/\/www.sera.asso.fr\/index.php\/wp-json\/wp\/v2\/users\/17"}],"replies":[{"embeddable":true,"href":"https:\/\/www.sera.asso.fr\/index.php\/wp-json\/wp\/v2\/comments?post=13577"}],"version-history":[{"count":3,"href":"https:\/\/www.sera.asso.fr\/index.php\/wp-json\/wp\/v2\/posts\/13577\/revisions"}],"predecessor-version":[{"id":13609,"href":"https:\/\/www.sera.asso.fr\/index.php\/wp-json\/wp\/v2\/posts\/13577\/revisions\/13609"}],"wp:attachment":[{"href":"https:\/\/www.sera.asso.fr\/index.php\/wp-json\/wp\/v2\/media?parent=13577"}],"wp:term":[{"taxonomy":"category","embeddable":true,"href":"https:\/\/www.sera.asso.fr\/index.php\/wp-json\/wp\/v2\/categories?post=13577"},{"taxonomy":"post_tag","embeddable":true,"href":"https:\/\/www.sera.asso.fr\/index.php\/wp-json\/wp\/v2\/tags?post=13577"}],"curies":[{"name":"wp","href":"https:\/\/api.w.org\/{rel}","templated":true}]}}