{"id":12204,"date":"2017-02-01T17:39:35","date_gmt":"2017-02-01T15:39:35","guid":{"rendered":"https:\/\/www.sera.asso.fr\/?p=12204"},"modified":"2017-02-05T09:18:43","modified_gmt":"2017-02-05T07:18:43","slug":"affichage-environnemental-deploye-des-mars-2017","status":"publish","type":"post","link":"https:\/\/www.sera.asso.fr\/index.php\/affichage-environnemental-deploye-des-mars-2017\/","title":{"rendered":"Affichage environnemental d\u00e9ploy\u00e9 d\u00e8s Mars 2017"},"content":{"rendered":"<p align=\"JUSTIFY\"><strong><span style=\"color: #141412;\"><span style=\"font-family: 'Source Sans Pro', Helvetica, sans-serif;\"><span style=\"font-size: medium;\">L&#x2019;affichage environnemental des produits de grande consommation est une d&#xE9;marche engag&#xE9;e dans le cadre du Grenelle de l&#x2019;environnement afin de&#xA0;<\/span><\/span><\/span><\/strong><strong><span style=\"color: #141412;\"><span style=\"font-family: 'Source Sans Pro', Helvetica, sans-serif;\"><span style=\"font-size: medium;\"><b>sensibiliser les consommateurs<\/b><\/span><\/span><\/span><\/strong><strong><span style=\"color: #141412;\"><span style=\"font-family: 'Source Sans Pro', Helvetica, sans-serif;\"><span style=\"font-size: medium;\">&#xA0;aux impacts environnementaux des produits. Les donn&#xE9;es environnementales affich&#xE9;es portent sur les &#xE9;missions de gaz &#xE0; effet de serre et les autres&#xA0;<\/span><\/span><\/span><\/strong><strong><span style=\"color: #141412;\"><span style=\"font-family: 'Source Sans Pro', Helvetica, sans-serif;\"><span style=\"font-size: medium;\"><b>impacts environnementaux pertinents<\/b><\/span><\/span><\/span><\/strong><strong><span style=\"color: #141412;\"><span style=\"font-family: 'Source Sans Pro', Helvetica, sans-serif;\"><span style=\"font-size: medium;\">&#xA0;du produit tout au long de son cycle de vie. L&#x2019;affichage environnemental permet de comparer des produits entre eux, quand ils sont dans la m&#xEA;me cat&#xE9;gorie, ou de comparer des cat&#xE9;gories de produits lorsque cela est pertinent. Pour cela, des r&#xE8;gles de calcul communes doivent &#xEA;tre &#xE9;tablies.<\/span><\/span><\/span><\/strong><\/p>\n<p align=\"JUSTIFY\"><span style=\"color: #141412;\"><span style=\"font-family: 'Source Sans Pro', Helvetica, sans-serif;\"><span style=\"font-size: medium;\">Depuis 2008, l&#x2019;<a class=\"glossaryLink\" aria-describedby=\"tt\" data-cmtooltip=\"&lt;div class=glossaryItemTitle&gt;ADEME&lt;\/div&gt;&lt;div class=glossaryItemBody&gt;Agence de l&#x2019;Environnement et de la Maitrise de l&#x2019;&#xC9;nergie&lt;\/div&gt;\" href=\"https:\/\/www.sera.asso.fr\/index.php\/glossaire\/ademe\/\" data-gt-translate-attributes='[{\"attribute\":\"data-cmtooltip\", \"format\":\"html\"}]' tabindex=\"0\" role=\"link\">ADEME<\/a>, le Minist&#xE8;re du D&#xE9;veloppement Durable et les parties prenantes ont travaill&#xE9; au d&#xE9;veloppement de&#xA0;<\/span><\/span><\/span><strong><span style=\"color: #141412;\"><span style=\"font-family: 'Source Sans Pro', Helvetica, sans-serif;\"><span style=\"font-size: medium;\"><b>m&#xE9;thodologies harmonis&#xE9;es<\/b><\/span><\/span><\/span><\/strong><span style=\"color: #141412;\"><span style=\"font-family: 'Source Sans Pro', Helvetica, sans-serif;\"><span style=\"font-size: medium;\">. Ce site rassemble l&#x2019;ensemble des informations concernant les travaux engag&#xE9;s. Vous y trouverez aussi des informations sur le&#xA0;<\/span><\/span><\/span><strong><span style=\"color: #141412;\"><span style=\"font-family: 'Source Sans Pro', Helvetica, sans-serif;\"><span style=\"font-size: medium;\"><b>contexte r&#xE9;glementaire<\/b><\/span><\/span><\/span><\/strong><span style=\"color: #141412;\"><span style=\"font-family: 'Source Sans Pro', Helvetica, sans-serif;\"><span style=\"font-size: medium;\">&#xA0;et la&#xA0;<\/span><\/span><\/span><strong><span style=\"color: #141412;\"><span style=\"font-family: 'Source Sans Pro', Helvetica, sans-serif;\"><span style=\"font-size: medium;\"><b>gouvernance<\/b><\/span><\/span><\/span><\/strong><span style=\"color: #141412;\"><span style=\"font-family: 'Source Sans Pro', Helvetica, sans-serif;\"><span style=\"font-size: medium;\">&#xA0;ainsi que des liens vers les m&#xE9;thodologies valid&#xE9;es et vers un espace membre contenant les documents en cours de validation.Un comit&#xE9; de gouvernance de la base de donn&#xE9;es, pr&#xE9;sid&#xE9; par l&#x2019;<a class=\"glossaryLink\" aria-describedby=\"tt\" data-cmtooltip=\"&lt;div class=glossaryItemTitle&gt;ADEME&lt;\/div&gt;&lt;div class=glossaryItemBody&gt;Agence de l&#x2019;Environnement et de la Maitrise de l&#x2019;&#xC9;nergie&lt;\/div&gt;\" href=\"https:\/\/www.sera.asso.fr\/index.php\/glossaire\/ademe\/\" data-gt-translate-attributes='[{\"attribute\":\"data-cmtooltip\", \"format\":\"html\"}]' tabindex=\"0\" role=\"link\">ADEME<\/a>, a &#xE9;galement mis en place&#xA0;<\/span><\/span><\/span><strong><a href=\"http:\/\/www.base-impacts.ademe.fr\/\" target=\"_blank\"><span style=\"color: #ac0404;\"><span style=\"font-family: 'Source Sans Pro', Helvetica, sans-serif;\"><span style=\"font-size: medium;\"><b>la base IMPACTS&#xAE;<\/b><\/span><\/span><\/span><\/a><\/strong><span style=\"color: #141412;\"><span style=\"font-family: 'Source Sans Pro', Helvetica, sans-serif;\"><span style=\"font-size: medium;\">&#xA0;pour fournir aux op&#xE9;rateurs des donn&#xE9;es environnementales sur les mat&#xE9;riaux et proc&#xE9;d&#xE9;s qui interviennent lors des cycles de vie de leurs produits. Cette base a &#xE9;t&#xE9; &#xE9;labor&#xE9;e selon les standards en vigueur les plus r&#xE9;cents dans l&#x2019;Union europ&#xE9;enne. Elle est le fruit d&#x2019;un travail men&#xE9; avec des d&#xE9;veloppeurs de bases de donn&#xE9;es d&#x2019;inventaire de cycle de vie (ICV), des experts en analyse de cycle de vie (ACV), des experts &#xAB;&#xA0;m&#xE9;tier&#xA0;&#xBB; (industriels, centres techniques, syndicats ou f&#xE9;d&#xE9;rations disposant d&#x2019;une vision d&#x2019;ensemble sur les besoins en donn&#xE9;es pour leur secteur) et un comit&#xE9; de gouvernance coll&#xE9;gial. Des outils de calcul sectoriels, d&#xE9;j&#xE0; existants (TV, chaussures, etc.) ou &#xE0; d&#xE9;velopper, compl&#xE8;tent ce socle technique.<\/span><\/span><\/span><\/p>\n<p align=\"JUSTIFY\"><strong><span style=\"color: #141412;\"><span style=\"font-family: 'Source Sans Pro', Helvetica, sans-serif;\"><span style=\"font-size: medium;\"><b>D&#xE9;velopp&#xE9; progressivement et sur une base volontaire<\/b><\/span><\/span><\/span><\/strong><span style=\"color: #141412;\"><span style=\"font-family: 'Source Sans Pro', Helvetica, sans-serif;\"><span style=\"font-size: medium;\">, le dispositif de l&#x2019;affichage environnemental sera d&#xE9;ploy&#xE9; progressivement &#xE0; partir de Mars 2017 pour des produits des secteurs de l&#x2019;ameublement, des textiles, de l&#x2019;h&#xF4;tellerie (impacts environnementaux d&#x2019;une nuit d&#x2019;h&#xF4;tel), des produits alimentaires et des appareils &#xE9;lectroniques.<\/span><\/span><\/span><\/p>\n<p align=\"JUSTIFY\"><span style=\"color: #141412;\"><span style=\"font-family: 'Source Sans Pro', Helvetica, sans-serif;\"><span style=\"font-size: medium;\">Ce dispositif permet aux acteurs &#xE9;conomiques de&#xA0;<\/span><\/span><\/span><strong><span style=\"color: #141412;\"><span style=\"font-family: 'Source Sans Pro', Helvetica, sans-serif;\"><span style=\"font-size: medium;\"><b>r&#xE9;pondre aux exigences de l&#x2019;article 90 de la loi de transition &#xE9;nerg&#xE9;tique pour la croissance verte, relatif aux all&#xE9;gations environnementales.<\/b><\/span><\/span><\/span><\/strong><\/p>\n<p align=\"JUSTIFY\"><span style=\"color: #141412;\"><span style=\"font-family: 'Source Sans Pro', Helvetica, sans-serif;\"><span style=\"font-size: medium;\">Pour lutter contre l&#x2019;&#xE9;coblanchiment (greenwashing), l&#x2019;article 90 impose aux producteurs qui communiquent sur un quelconque aspect environnemental de leurs produits (all&#xE9;gation environnementale) de mettre &#xE0; la disposition des consommateurs l&#x2019;ensemble de &#xAB; leurs principales caract&#xE9;ristiques environnementales &#xBB;.<\/span><\/span><\/span><\/p>\n<p align=\"JUSTIFY\"><strong><a href=\"http:\/\/www.affichage-environnemental.fr\/\" target=\"_blank\">www.affichage-environnemental.fr\/<\/a><\/strong><\/p>\n","protected":false},"excerpt":{"rendered":"<p>L&#x2019;affichage environnemental des produits de grande consommation est une d&#xE9;marche engag&#xE9;e dans le cadre du Grenelle de l&#x2019;environnement afin de&#xA0;sensibiliser les consommateurs&#xA0;aux impacts environnementaux des produits. Les donn&#xE9;es environnementales affich&#xE9;es &#x2026; <a href=\"https:\/\/www.sera.asso.fr\/index.php\/affichage-environnemental-deploye-des-mars-2017\/\" class=\"more-link\">Continuer la lecture de <span class=\"screen-reader-text\">Affichage environnemental d&#xE9;ploy&#xE9; d&#xE8;s Mars 2017<\/span> <span class=\"meta-nav\">&#x2192;<\/span><\/a><\/p>\n","protected":false},"author":17,"featured_media":0,"comment_status":"closed","ping_status":"open","sticky":false,"template":"","format":"standard","meta":{"footnotes":""},"categories":[181,187,192,193,202,215,216,231],"tags":[365],"class_list":["post-12204","post","type-post","status-publish","format-standard","hentry","category-agriculture_elevage","category-alimentation","category-alternatives","category-alternatives_societales","category-dechets","category-decisions_politiques_reglementation","category-nationale","category-rapport_eco","tag-affichage-environnemental"],"wps_subtitle":"","_links":{"self":[{"href":"https:\/\/www.sera.asso.fr\/index.php\/wp-json\/wp\/v2\/posts\/12204","targetHints":{"allow":["GET"]}}],"collection":[{"href":"https:\/\/www.sera.asso.fr\/index.php\/wp-json\/wp\/v2\/posts"}],"about":[{"href":"https:\/\/www.sera.asso.fr\/index.php\/wp-json\/wp\/v2\/types\/post"}],"author":[{"embeddable":true,"href":"https:\/\/www.sera.asso.fr\/index.php\/wp-json\/wp\/v2\/users\/17"}],"replies":[{"embeddable":true,"href":"https:\/\/www.sera.asso.fr\/index.php\/wp-json\/wp\/v2\/comments?post=12204"}],"version-history":[{"count":3,"href":"https:\/\/www.sera.asso.fr\/index.php\/wp-json\/wp\/v2\/posts\/12204\/revisions"}],"predecessor-version":[{"id":12224,"href":"https:\/\/www.sera.asso.fr\/index.php\/wp-json\/wp\/v2\/posts\/12204\/revisions\/12224"}],"wp:attachment":[{"href":"https:\/\/www.sera.asso.fr\/index.php\/wp-json\/wp\/v2\/media?parent=12204"}],"wp:term":[{"taxonomy":"category","embeddable":true,"href":"https:\/\/www.sera.asso.fr\/index.php\/wp-json\/wp\/v2\/categories?post=12204"},{"taxonomy":"post_tag","embeddable":true,"href":"https:\/\/www.sera.asso.fr\/index.php\/wp-json\/wp\/v2\/tags?post=12204"}],"curies":[{"name":"wp","href":"https:\/\/api.w.org\/{rel}","templated":true}]}}